{"id":133865,"date":"2026-01-13T05:22:30","date_gmt":"2026-01-13T05:22:30","guid":{"rendered":"https:\/\/www.europesays.com\/se\/133865\/"},"modified":"2026-01-13T05:22:30","modified_gmt":"2026-01-13T05:22:30","slug":"farosund-och-klintehamn-avc-stangt-pa-grund-av-vadret-region-gotland-2","status":"publish","type":"post","link":"https:\/\/www.europesays.com\/se\/133865\/","title":{"rendered":"F\u00e5r\u00f6sund och Klintehamn \u00c5VC st\u00e4ngt p\u00e5 grund av v\u00e4dret &#8211; Region Gotland"},"content":{"rendered":"<ol>\n<li><a href=\"https:\/\/news.google.com\/rss\/articles\/CBMitwFBVV95cUxQWV9sODVCZGhpR2d6aFRxMUVlSEV5V2hCWkJZMHVPVmtLaFBHTDgtdE1ZNUNQaFY2VU04TXFvOGIxeWRIS0liLURQNHJad3RWWm1rc3BqMFh3cnRycG1DSWdjNmljamNUc3liRWU0dS1fOHpvdVVDMjNZWi1yZTF2di1YczdFYzNfYzBSQmQ0bUNfd3RsUTBvWHFNVUNEenpuZFk0VFpQdnB3bFBNVXFXRk1HQ2l1alE?oc=5\" target=\"_blank\" rel=\"nofollow noopener\">F\u00e5r\u00f6sund och Klintehamn \u00c5VC st\u00e4ngt p\u00e5 grund av v\u00e4dret<\/a>&nbsp;&nbsp;Region Gotland<\/li>\n<li><a href=\"https:\/\/news.google.com\/rss\/articles\/CBMihwFBVV95cUxPLWtPMEZaMDN0QlMxdnFJaXlaY0RweWNMVnFuOWVvekNHXzBwblhFdTlhMy1MRGJ4YU84bkJNM2tacWJoYmtkTlhNMEIwOS1PUVM1QmxVbE1tRHFMZlVLWDVkZVlHczJUU2t4Q2Q1TnRsMkNMb2VGcUFKajJpdjNuMG1xN292UEE?oc=5\" target=\"_blank\" rel=\"nofollow noopener\">Gul varning p\u00e5 Gotland \u2013 trafikverket varnar<\/a>&nbsp;&nbsp;SVT Nyheter<\/li>\n<li><a href=\"https:\/\/news.google.com\/rss\/articles\/CBMilwFBVV95cUxQc0pLbnhJSTZkdllQUW5BNHdQaVNmREk4OWowd3BjUkV4WUt0NU1vOTFvdlNIX2RLZlpEQUVsZl85bllwelJuUWJobFJ6RHdJUnY1cXh1SjByUEhKckttellTalYtTXU0eXl0MXl0ZzlMcTJCRXRXaEdsRkJ4UGh0S2pzQnRkRXJMRUVCQ0JHSGxZdTRLeUZj?oc=5\" target=\"_blank\" rel=\"nofollow noopener\">Notan: S\u00e5 mycket kan helgens sn\u00f6 kosta regionen<\/a>&nbsp;&nbsp;Sveriges Radio<\/li>\n<li><a href=\"https:\/\/news.google.com\/rss\/articles\/CBMinwFBVV95cUxQaVU0ZkhJNFVHX3I4R2ZSdlNKNVZfcTNIZE5ISVZvZWl3X08wMGxGUGdQaFIzdEJ2c0UyeG9TMzUzbTVGVWRNNFdUV3MzeW5ZV1ZrZk9Vb2ZMamtKRFV3aUkxdXowVTItaXhkMTlCR1F6OFhXMWwtUGtfVlJJeTRPNk5Ec1FEd2wxbVhENUpiQzh5Y2ZfYWNoVWJNam5IbGc?oc=5\" target=\"_blank\" rel=\"nofollow noopener\">Gator i Visby st\u00e4ngs av \u2013 sn\u00f6 ska forslas bort<\/a>&nbsp;&nbsp;Helagotland<\/li>\n<li><a href=\"https:\/\/news.google.com\/rss\/articles\/CBMijwFBVV95cUxQVkUtVnVuU2VMd0c2TjFWb0pQRDdyTVR6NXlyRkxFaXZvajY0OUNkektEb0xZbHZHMGxnLVJMMVVNbzlQdEotU055U2xmZlhlT0tYbEF3SFRWNHVhV01vUFJ4bGZBYk04bmgtQ1FkcjNGRmxtZ1RMUFNnSl90Q3RnNEpLaklDS2FmbnRWckpoTQ?oc=5\" target=\"_blank\" rel=\"nofollow noopener\">Gul varning p\u00e5 Gotland \u2013 f\u00e4rjor st\u00e4lls in<\/a>&nbsp;&nbsp;Aftonbladet<\/li>\n<\/ol>\n","protected":false},"excerpt":{"rendered":"F\u00e5r\u00f6sund och Klintehamn \u00c5VC st\u00e4ngt p\u00e5 grund av v\u00e4dret&nbsp;&nbsp;Region Gotland Gul varning p\u00e5 Gotland \u2013 trafikverket varnar&nbsp;&nbsp;SVT Nyheter&hellip;\n","protected":false},"author":2,"featured_media":133866,"comment_status":"","ping_status":"","sticky":false,"template":"","format":"standard","meta":{"footnotes":""},"categories":[12],"tags":[22,23,26,27,17,21,24,25,28,29,15,16,18,34,31,33,32,30,19,20],"class_list":{"0":"post-133865","1":"post","2":"type-post","3":"status-publish","4":"format-standard","5":"has-post-thumbnail","7":"category-sverige","8":"tag-breaking-news","9":"tag-breakingnews","10":"tag-featured-news","11":"tag-featurednews","12":"tag-headlines","13":"tag-huvudnyheter","14":"tag-latest-news","15":"tag-latestnews","16":"tag-main-news","17":"tag-mainnews","18":"tag-news","19":"tag-nyheter","20":"tag-rubriker","21":"tag-se","22":"tag-svenska","23":"tag-sverige","24":"tag-sweden","25":"tag-swedish","26":"tag-top-stories","27":"tag-topstories"},"share_on_mastodon":{"url":"https:\/\/pubeurope.com\/@se\/115886118833791438","error":""},"_links":{"self":[{"href":"https:\/\/www.europesays.com\/se\/wp-json\/wp\/v2\/posts\/133865","targetHints":{"allow":["GET"]}}],"collection":[{"href":"https:\/\/www.europesays.com\/se\/wp-json\/wp\/v2\/posts"}],"about":[{"href":"https:\/\/www.europesays.com\/se\/wp-json\/wp\/v2\/types\/post"}],"author":[{"embeddable":true,"href":"https:\/\/www.europesays.com\/se\/wp-json\/wp\/v2\/users\/2"}],"replies":[{"embeddable":true,"href":"https:\/\/www.europesays.com\/se\/wp-json\/wp\/v2\/comments?post=133865"}],"version-history":[{"count":0,"href":"https:\/\/www.europesays.com\/se\/wp-json\/wp\/v2\/posts\/133865\/revisions"}],"wp:featuredmedia":[{"embeddable":true,"href":"https:\/\/www.europesays.com\/se\/wp-json\/wp\/v2\/media\/133866"}],"wp:attachment":[{"href":"https:\/\/www.europesays.com\/se\/wp-json\/wp\/v2\/media?parent=133865"}],"wp:term":[{"taxonomy":"category","embeddable":true,"href":"https:\/\/www.europesays.com\/se\/wp-json\/wp\/v2\/categories?post=133865"},{"taxonomy":"post_tag","embeddable":true,"href":"https:\/\/www.europesays.com\/se\/wp-json\/wp\/v2\/tags?post=133865"}],"curies":[{"name":"wp","href":"https:\/\/api.w.org\/{rel}","templated":true}]}}