{"id":133867,"date":"2026-01-13T05:23:22","date_gmt":"2026-01-13T05:23:22","guid":{"rendered":"https:\/\/www.europesays.com\/se\/133867\/"},"modified":"2026-01-13T05:23:22","modified_gmt":"2026-01-13T05:23:22","slug":"tungt-besked-for-sd-det-ar-invandrarna-som-helst-vill-forsvara-sverige","status":"publish","type":"post","link":"https:\/\/www.europesays.com\/se\/133867\/","title":{"rendered":"Tungt besked f\u00f6r SD: Det \u00e4r invandrarna som helst vill f\u00f6rsvara Sverige"},"content":{"rendered":"<p>En unders\u00f6kning fr\u00e5n stiftelsen J\u00e4rvaveckan och Indikator Opinion levererar ett tungt slag mot den sverigedemokratiska v\u00e4rldsuppfattningen.<\/p>\n<p>Unders\u00f6kningen visar n\u00e4mligen att det \u00e4r m\u00e4nniskor som \u00e4r f\u00f6dda utanf\u00f6r Europa \u00e4r mest villiga att f\u00f6rsvara Sverige vid ett milit\u00e4rt angrepp. Bland dessa uppger 52 procent att de \u00e4r mycket eller ganska villiga att f\u00f6rsvara landet, j\u00e4mf\u00f6rt med 48 procent i \u00f6vriga Sverige. Detta kunde Sveriges Radio rapportera om i veckan.<\/p>\n","protected":false},"excerpt":{"rendered":"En unders\u00f6kning fr\u00e5n stiftelsen J\u00e4rvaveckan och Indikator Opinion levererar ett tungt slag mot den sverigedemokratiska v\u00e4rldsuppfattningen. Unders\u00f6kningen visar&hellip;\n","protected":false},"author":2,"featured_media":133868,"comment_status":"","ping_status":"","sticky":false,"template":"","format":"standard","meta":{"footnotes":""},"categories":[5],"tags":[22,23,26,27,17,21,24,25,28,29,15,16,18,34,31,33,32,30,19,20],"class_list":{"0":"post-133867","1":"post","2":"type-post","3":"status-publish","4":"format-standard","5":"has-post-thumbnail","7":"category-rubriker","8":"tag-breaking-news","9":"tag-breakingnews","10":"tag-featured-news","11":"tag-featurednews","12":"tag-headlines","13":"tag-huvudnyheter","14":"tag-latest-news","15":"tag-latestnews","16":"tag-main-news","17":"tag-mainnews","18":"tag-news","19":"tag-nyheter","20":"tag-rubriker","21":"tag-se","22":"tag-svenska","23":"tag-sverige","24":"tag-sweden","25":"tag-swedish","26":"tag-top-stories","27":"tag-topstories"},"share_on_mastodon":{"url":"https:\/\/pubeurope.com\/@se\/115886122850329966","error":""},"_links":{"self":[{"href":"https:\/\/www.europesays.com\/se\/wp-json\/wp\/v2\/posts\/133867","targetHints":{"allow":["GET"]}}],"collection":[{"href":"https:\/\/www.europesays.com\/se\/wp-json\/wp\/v2\/posts"}],"about":[{"href":"https:\/\/www.europesays.com\/se\/wp-json\/wp\/v2\/types\/post"}],"author":[{"embeddable":true,"href":"https:\/\/www.europesays.com\/se\/wp-json\/wp\/v2\/users\/2"}],"replies":[{"embeddable":true,"href":"https:\/\/www.europesays.com\/se\/wp-json\/wp\/v2\/comments?post=133867"}],"version-history":[{"count":0,"href":"https:\/\/www.europesays.com\/se\/wp-json\/wp\/v2\/posts\/133867\/revisions"}],"wp:featuredmedia":[{"embeddable":true,"href":"https:\/\/www.europesays.com\/se\/wp-json\/wp\/v2\/media\/133868"}],"wp:attachment":[{"href":"https:\/\/www.europesays.com\/se\/wp-json\/wp\/v2\/media?parent=133867"}],"wp:term":[{"taxonomy":"category","embeddable":true,"href":"https:\/\/www.europesays.com\/se\/wp-json\/wp\/v2\/categories?post=133867"},{"taxonomy":"post_tag","embeddable":true,"href":"https:\/\/www.europesays.com\/se\/wp-json\/wp\/v2\/tags?post=133867"}],"curies":[{"name":"wp","href":"https:\/\/api.w.org\/{rel}","templated":true}]}}