{"id":133869,"date":"2026-01-13T05:24:11","date_gmt":"2026-01-13T05:24:11","guid":{"rendered":"https:\/\/www.europesays.com\/se\/133869\/"},"modified":"2026-01-13T05:24:11","modified_gmt":"2026-01-13T05:24:11","slug":"huvudvark-och-migran-far-inte-langre-vara-marginella-diagnoser-hd","status":"publish","type":"post","link":"https:\/\/www.europesays.com\/se\/133869\/","title":{"rendered":"\u201dHuvudv\u00e4rk och migr\u00e4n f\u00e5r inte l\u00e4ngre vara marginella diagnoser.\u201d \u2013 HD"},"content":{"rendered":"<p>Kunskapen finns, tekniken finns och behovet finns. Nu g\u00e4ller det att genomf\u00f6ra n\u00f6dv\u00e4ndiga f\u00f6r\u00e4ndringar s\u00e5 att ingen som bor i Sk\u00e5ne beh\u00f6ver se sitt liv begr\u00e4nsas av en sjukdom som g\u00e5r att behandla, skriver Marlen Ottesen, regionr\u00e5d f\u00f6r Sverigedemokraterna i Sk\u00e5ne.<\/p>\n<p>Detta \u00e4r ett debattinl\u00e4gg.Skribenterna svarar f\u00f6r \u00e5sikterna.<\/p>\n<p><img loading=\"lazy\" decoding=\"async\" width=\"980\" height=\"551\" class=\"article-image article-image--featured\" alt=\"Kvinnor f\u00e5r migr\u00e4n ungef\u00e4r dubbelt s\u00e5 ofta som m\u00e4n. D\u00e4rf\u00f6r \u00e4r det ocks\u00e5 en viktig fr\u00e5ga n\u00e4r det g\u00e4ller j\u00e4mst\u00e4lldhet, skriver artikelf\u00f6rfattaren.\" src=\"https:\/\/www.europesays.com\/se\/wp-content\/uploads\/2026\/01\/70678715-4dfc-4f63-bb0e-5b40f9e46f73.jpeg\"  \/><a class=\"article__lightbox-link\" href=\"https:\/\/static.bonniernews.se\/ba\/70678715-4dfc-4f63-bb0e-5b40f9e46f73.jpeg?crop=1016%2C572%2Cx224%2Cy788&amp;width=1400&amp;format=pjpg&amp;auto=avif\" data-pswp-width=\"1400\" data-pswp-height=\"788\" data-pswp-caption=\"Kvinnor f\u00e5r migr\u00e4n ungef\u00e4r dubbelt s\u00e5 ofta som m\u00e4n. D\u00e4rf\u00f6r \u00e4r det ocks\u00e5 en viktig fr\u00e5ga n\u00e4r det g\u00e4ller j\u00e4mst\u00e4lldhet, skriver artikelf\u00f6rfattaren. Bild: Mark Earthy\/FLT-PICA\" data-pswp- rel=\"nofollow noopener\" target=\"_blank\">\u00d6ppna bild i helsk\u00e4rmsl\u00e4ge<\/a><\/p>\n<p class=\"txt-style-muted\" aria-hidden=\"true\">Kvinnor f\u00e5r migr\u00e4n ungef\u00e4r dubbelt s\u00e5 ofta som m\u00e4n. D\u00e4rf\u00f6r \u00e4r det ocks\u00e5 en viktig fr\u00e5ga n\u00e4r det g\u00e4ller j\u00e4mst\u00e4lldhet, skriver artikelf\u00f6rfattaren.<\/p>\n<p class=\"article__figcaption-attribution txt-style-muted\">Bild: Mark Earthy\/FLT-PICA<\/p>\n<p>Varje dag vaknar tusentals m\u00e4nniskor i Sk\u00e5ne till en bultande sm\u00e4rta som g\u00f6r det om\u00f6jligt att \u00f6ppna \u00f6gonen, g\u00e5 till jobbet eller ens leka med sina barn. Det handlar inte om en vanlig huvudv\u00e4rk som g\u00e5r \u00f6ver med ett glas vatten och en stunds vila. Det handlar om migr\u00e4n \u2013 en av v\u00e5r tids mest omfattande och samtidigt mest f\u00f6rbisedda folksjukdomar. Ett migr\u00e4nanfall kan p\u00e5g\u00e5 i flera dagar och m\u00e5nga patienter vittnar om en total \u201dnedst\u00e4ngning av livet\u201d och hur det blir om\u00f6jligt att fungera i vardagen. Trots stora framsteg inom forskningen m\u00e5ste patienter fortfarande hitta r\u00e4tt i en splittrad v\u00e5rd.<\/p>\n<p><strong>N\u00e4r sm\u00e4rtan tar \u00f6ver <\/strong>p\u00e5verkas hela livet. Relationer pr\u00f6vas, jobbet kan g\u00e5 f\u00f6rlorat och det sociala livet krymper. Livskvaliteten f\u00f6rs\u00e4mras kraftigt \u2013 och statistiken visar hur allvarligt det \u00e4r. <\/p>\n<p aria-disabled=\"true\" class=\"ad__preamble ad-text txt-style-muted txt-ui txt-ui--strong txt-ui-2\">Annons<\/p>\n<p aria-disabled=\"true\" class=\"ad__preamble ad-text txt-style-muted txt-ui txt-ui--strong txt-ui-2\">Annons<\/p>\n<p>En utredning fr\u00e5n Region Sk\u00e5ne som presenterades 2022 visar att mellan 168\u2009000 och 210\u2009000 personer i Sk\u00e5ne har migr\u00e4n, i olika former och sv\u00e5righetsgrader. F\u00f6r de allra flesta inneb\u00e4r det perioder av intensiv sm\u00e4rta, men f\u00f6r cirka 21\u2009000 m\u00e4nniskor i Sk\u00e5ne utvecklas tillst\u00e5ndet till kronisk migr\u00e4n. Att leva med kronisk migr\u00e4n inneb\u00e4r att ha symtom under mer \u00e4n h\u00e4lften av m\u00e5nadens dagar. <\/p>\n<p>Kvinnor f\u00e5r migr\u00e4n ungef\u00e4r dubbelt s\u00e5 ofta som m\u00e4n. D\u00e4rf\u00f6r \u00e4r det ocks\u00e5 en viktig fr\u00e5ga n\u00e4r det g\u00e4ller j\u00e4mst\u00e4lldhet.<\/p>\n<p><strong>Tillg\u00e5ngen till specialiserad v\u00e5rd <\/strong>beror ofta p\u00e5 var en person bor eller om den tr\u00e4ffar en l\u00e4kare med ett brinnande intresse f\u00f6r just den sortens v\u00e5rd. Det leder till att m\u00e5nga patienter tvingas v\u00e4nta orimligt l\u00e4nge p\u00e5 r\u00e4tt diagnos och behandling. Under tiden kan migr\u00e4nen bli v\u00e4rre \u2013 fr\u00e5n att komma ibland till att bli kronisk och finnas d\u00e4r hela tiden.<\/p>\n<p>Enligt IHE, Institutet f\u00f6r h\u00e4lso- och sjukv\u00e5rdsekonomi, kostar migr\u00e4n det svenska samh\u00e4llet flera miljarder kronor varje \u00e5r.<\/p>\n<p>Det \u00e4r inte sj\u00e4lva v\u00e5rden som kostar mest \u2013 tv\u00e4rtom \u00e4r v\u00e5rdkostnaderna bara en liten del av den totala summan. Den st\u00f6rsta kostnaden handlar om att m\u00e4nniskor inte kan arbeta som vanligt. M\u00e5nga \u00e4r sjukskrivna och andra g\u00e5r till jobbet men orkar inte prestera p\u00e5 grund av sm\u00e4rta.<\/p>\n<p><strong>Genom att satsa p\u00e5 <\/strong>tidig och r\u00e4tt hj\u00e4lp sparar Region Sk\u00e5ne mycket pengar i l\u00e4ngden.<\/p>\n<p>Det \u00e4r sl\u00f6seri med resurser att l\u00e5ta m\u00e4nniskor ha obehandlad kronisk sm\u00e4rta. Om v\u00e5rden kan hj\u00e4lpa n\u00e5gon att minska sina sm\u00e4rtdagar fr\u00e5n 15 till 5 per m\u00e5nad, blir det en direkt vinst \u2013 b\u00e5de f\u00f6r den det handlar om och f\u00f6r samh\u00e4llet.<\/p>\n<p aria-disabled=\"true\" class=\"ad__preamble ad-text txt-style-muted txt-ui txt-ui--strong txt-ui-2\">Annons<\/p>\n<p>L\u00f6sningen ligger i en tydlig struktur och modern teknik. Nationella riktlinjer f\u00f6r diagnostik, behandling, rehabilitering och uppf\u00f6ljning \u00e4r under framtagande. De ger v\u00e5rdpersonal tydliga rekommendationer att utg\u00e5 fr\u00e5n och g\u00f6r det m\u00f6jligt att erbjuda en strukturerad v\u00e5rd som utg\u00e5r fr\u00e5n varje patients behov.<\/p>\n<p aria-disabled=\"true\" class=\"ad__preamble ad-text txt-style-muted txt-ui txt-ui--strong txt-ui-2\">Annons<\/p>\n<p><strong>Nio av tio personer <\/strong>med migr\u00e4n kan och ska f\u00e5 hj\u00e4lp p\u00e5 sin v\u00e5rdcentral. F\u00f6r att det ska fungera beh\u00f6ver v\u00e5rdcentralerna ha r\u00e4tt kunskap och tid att f\u00f6lja upp sina patienter.<\/p>\n<p>Det handlar om att f\u00e5nga upp patienterna tidigt f\u00f6r att f\u00f6rhindra att sjukdomen blir kronisk. F\u00f6r de 10 procent som har sv\u00e5rare migr\u00e4n m\u00e5ste v\u00e5rdcentralen snabbt kunna skicka dem vidare till en neurolog eller sm\u00e4rtspecialist. F\u00f6r den sista procenten \u2013 de allra h\u00e5rdast drabbade \u2013 kr\u00e4vs en h\u00f6gspecialiserad enhet.<\/p>\n<p>Region Sk\u00e5ne har unika f\u00f6ruts\u00e4ttningar att leda den utveckling som beh\u00f6ver ske. Med ett starkt universitetssjukhus och framst\u00e5ende forskare finns kunskapen redan p\u00e5 plats. N\u00e4sta konkreta steg som nu tas \u00e4r att utreda m\u00f6jligheterna f\u00f6r en digifysisk huvudv\u00e4rksmottagning. Genom att kombinera digitala bes\u00f6k med fysiska unders\u00f6kningar \u00f6kar tillg\u00e4ngligheten f\u00f6r patienter i hela regionen, oavsett om de bor i en st\u00f6rre stad eller i en mindre ort p\u00e5 landsbygden. Det minskar behovet av l\u00e5nga resor f\u00f6r korta konsultationer och g\u00f6r att specialisters tid anv\u00e4nds d\u00e4r den g\u00f6r mest nytta. F\u00f6r patienterna betyder det att de slipper l\u00e4gga lika mycket tid p\u00e5 sjukhusbes\u00f6k och ist\u00e4llet kan vara mer hemma, med familjen, \u00e4gna sig \u00e5t fritidsintressen eller arbeta.<\/p>\n<p aria-disabled=\"true\" class=\"ad__preamble ad-text txt-style-muted txt-ui txt-ui--strong txt-ui-2\">Annons<\/p>\n<p><strong>Huvudv\u00e4rk och migr\u00e4n <\/strong>f\u00e5r inte l\u00e4ngre vara marginella diagnoser. Med politisk vilja och en tydlig inriktning kan Sk\u00e5ne bygga upp en modern, j\u00e4mlik och h\u00e5llbar v\u00e5rd. Det handlar om att ta lidandet p\u00e5 allvar och anv\u00e4nda den kunskap som forskning har gjort m\u00f6jlig.<\/p>\n<p>Kunskapen finns, tekniken finns och behovet finns. Nu g\u00e4ller det att genomf\u00f6ra n\u00f6dv\u00e4ndiga f\u00f6r\u00e4ndringar s\u00e5 att ingen som bor i Sk\u00e5ne beh\u00f6ver se sitt liv begr\u00e4nsas av en sjukdom som g\u00e5r att behandla. Genom att st\u00e4rka hela kedjan \u2013 fr\u00e5n f\u00f6rsta bes\u00f6ket p\u00e5 en v\u00e5rdcentral till den mest avancerade specialistv\u00e5rden \u2013 f\u00e5r Sk\u00e5nes inv\u00e5nare den v\u00e5rd de har r\u00e4tt till.<\/p>\n<p><strong>SKRIBENTEN<\/strong><\/p>\n<p><strong>Marlen Ottesen<\/strong>, regionr\u00e5d f\u00f6r Sverigedemokraterna i Sk\u00e5ne<\/p>\n<p><strong>Vill du ocks\u00e5<\/strong> skriva p\u00e5 Aktuella fr\u00e5gor? <a class=\"article__content-link\" href=\"https:\/\/www.hd.se\/opinion\/aktuella-fragor-nzoEe\/\" rel=\"nofollow noopener\" target=\"_blank\">S\u00e5 h\u00e4r g\u00f6r du.<\/a><\/p>\n","protected":false},"excerpt":{"rendered":"Kunskapen finns, tekniken finns och behovet finns. Nu g\u00e4ller det att genomf\u00f6ra n\u00f6dv\u00e4ndiga f\u00f6r\u00e4ndringar s\u00e5 att ingen som&hellip;\n","protected":false},"author":2,"featured_media":133870,"comment_status":"","ping_status":"","sticky":false,"template":"","format":"standard","meta":{"footnotes":""},"categories":[69],"tags":[113,112,34,31,33,32,30],"class_list":{"0":"post-133869","1":"post","2":"type-post","3":"status-publish","4":"format-standard","5":"has-post-thumbnail","7":"category-halsa","8":"tag-halsa","9":"tag-health","10":"tag-se","11":"tag-svenska","12":"tag-sverige","13":"tag-sweden","14":"tag-swedish"},"share_on_mastodon":{"url":"https:\/\/pubeurope.com\/@se\/115886126675101340","error":""},"_links":{"self":[{"href":"https:\/\/www.europesays.com\/se\/wp-json\/wp\/v2\/posts\/133869","targetHints":{"allow":["GET"]}}],"collection":[{"href":"https:\/\/www.europesays.com\/se\/wp-json\/wp\/v2\/posts"}],"about":[{"href":"https:\/\/www.europesays.com\/se\/wp-json\/wp\/v2\/types\/post"}],"author":[{"embeddable":true,"href":"https:\/\/www.europesays.com\/se\/wp-json\/wp\/v2\/users\/2"}],"replies":[{"embeddable":true,"href":"https:\/\/www.europesays.com\/se\/wp-json\/wp\/v2\/comments?post=133869"}],"version-history":[{"count":0,"href":"https:\/\/www.europesays.com\/se\/wp-json\/wp\/v2\/posts\/133869\/revisions"}],"wp:featuredmedia":[{"embeddable":true,"href":"https:\/\/www.europesays.com\/se\/wp-json\/wp\/v2\/media\/133870"}],"wp:attachment":[{"href":"https:\/\/www.europesays.com\/se\/wp-json\/wp\/v2\/media?parent=133869"}],"wp:term":[{"taxonomy":"category","embeddable":true,"href":"https:\/\/www.europesays.com\/se\/wp-json\/wp\/v2\/categories?post=133869"},{"taxonomy":"post_tag","embeddable":true,"href":"https:\/\/www.europesays.com\/se\/wp-json\/wp\/v2\/tags?post=133869"}],"curies":[{"name":"wp","href":"https:\/\/api.w.org\/{rel}","templated":true}]}}