{"id":133875,"date":"2026-01-13T05:43:07","date_gmt":"2026-01-13T05:43:07","guid":{"rendered":"https:\/\/www.europesays.com\/se\/133875\/"},"modified":"2026-01-13T05:43:07","modified_gmt":"2026-01-13T05:43:07","slug":"microsoft-teams-later-chefen-spara-din-arbetsplats","status":"publish","type":"post","link":"https:\/\/www.europesays.com\/se\/133875\/","title":{"rendered":"Microsoft Teams l\u00e5ter chefen sp\u00e5ra din arbetsplats"},"content":{"rendered":"<p>Publicerad 13 jan 2026 kl 06.30<\/p>\n<p>Microsoft presenterar en ny funktion \u2013 som kan inneb\u00e4ra tr\u00e5kiga nyheter f\u00f6r hemmajobbare.<\/p>\n<p>Genom en uppdatering i tj\u00e4nsten Teams kan din chef snart h\u00e5lla koll p\u00e5 vart du \u00e4r.<\/p>\n<p><img   alt=\"\"\/><\/p>\n<p>Microsoft Teams kommer med en ny uppdatering i februari.<\/p>\n<p>Foto: Primakov \/ Shutterstock<\/p>\n<p>\u00d6ppna bild i helsk\u00e4rm<img loading=\"lazy\"   alt=\"\"\/><\/p>\n<p>Techj\u00e4tten Microsoft har skrivit om f\u00f6r\u00e4ndringen p\u00e5 sin hemsida.<\/p>\n<p>Foto: STELLA PICTURES\/GUERIN CHARLES\/ABACA<\/p>\n<p>\u00d6ppna bild i helsk\u00e4rm<\/p>\n<p>Nyligen meddelade Google att en ny funktion ska ge chefer m\u00f6jlighet att l\u00e4sa anst\u00e4lldas sms via jobbtelefonen. Det g\u00e4ller \u00e4ven privata telefoner, om du har en jobbprofil p\u00e5 dem.<\/p>\n<p>Nyheten har v\u00e4ckt starka reaktioner.<\/p>\n<p>Men snart kommer \u00e4ven <a href=\"https:\/\/www.expressen.se\/tagg\/organization\/microsoft\/\" class=\"\" rel=\"nofollow noopener\" target=\"_blank\">Microsoft<\/a> med en ny uppdatering \u2013 som kan inneb\u00e4ra problem f\u00f6r hemmajobbare.<\/p>\n<p>Fr\u00e5n och med februari ska chefer kunna sp\u00e5ra sina anst\u00e4lldas plats i tj\u00e4nsten Teams, rapporterar <a href=\"https:\/\/www.forbes.com\/sites\/zakdoffman\/2025\/12\/04\/microsoft-teams-update-tells-your-boss-where-you-are-just-8-weeks-away\/\" rel=\"nofollow noopener\" target=\"_blank\">Forbes.<\/a><\/p>\n<p>\u201dN\u00e4r anv\u00e4ndare ansluter till organisationens wifi kommer Teams automatiskt att st\u00e4lla in deras arbetsplats s\u00e5 att den visar byggnaden de arbetar i\u201d, skriver Microsoft p\u00e5 sin hemsida.<\/p>\n<p>Syftet \u00e4r att kolleger l\u00e4ttare ska hitta varandra.<\/p>\n<p>Funktionen kommer att vara avst\u00e4ngd som standard. Arbetsgivaren best\u00e4mmer om uppdateringen ska aktiveras och sedan m\u00e5ste kraven godk\u00e4nnas av anv\u00e4ndarna.\u00a0<\/p>\n<p>Uppdateringen skulle ha kommit i december, men har skjutits upp till februari.<\/p>\n","protected":false},"excerpt":{"rendered":"Publicerad 13 jan 2026 kl 06.30 Microsoft presenterar en ny funktion \u2013 som kan inneb\u00e4ra tr\u00e5kiga nyheter f\u00f6r&hellip;\n","protected":false},"author":2,"featured_media":133876,"comment_status":"","ping_status":"","sticky":false,"template":"","format":"standard","meta":{"footnotes":""},"categories":[66],"tags":[6590,62,4284,80,78,79,34,31,33,32,30,81,84,3189,966,83,82],"class_list":{"0":"post-133875","1":"post","2":"type-post","3":"status-publish","4":"format-standard","5":"has-post-thumbnail","7":"category-vetenskap-och-teknik","8":"tag-organization-forbes","9":"tag-organization-google","10":"tag-organization-microsoft","11":"tag-science","12":"tag-science-and-technology","13":"tag-scienceandtechnology","14":"tag-se","15":"tag-svenska","16":"tag-sverige","17":"tag-sweden","18":"tag-swedish","19":"tag-technology","20":"tag-teknik","21":"tag-topic-it-sakerhet","22":"tag-topic-sociala-medier","23":"tag-vetenskap","24":"tag-vetenskapteknik"},"share_on_mastodon":{"url":"https:\/\/pubeurope.com\/@se\/115886201484547898","error":""},"_links":{"self":[{"href":"https:\/\/www.europesays.com\/se\/wp-json\/wp\/v2\/posts\/133875","targetHints":{"allow":["GET"]}}],"collection":[{"href":"https:\/\/www.europesays.com\/se\/wp-json\/wp\/v2\/posts"}],"about":[{"href":"https:\/\/www.europesays.com\/se\/wp-json\/wp\/v2\/types\/post"}],"author":[{"embeddable":true,"href":"https:\/\/www.europesays.com\/se\/wp-json\/wp\/v2\/users\/2"}],"replies":[{"embeddable":true,"href":"https:\/\/www.europesays.com\/se\/wp-json\/wp\/v2\/comments?post=133875"}],"version-history":[{"count":0,"href":"https:\/\/www.europesays.com\/se\/wp-json\/wp\/v2\/posts\/133875\/revisions"}],"wp:featuredmedia":[{"embeddable":true,"href":"https:\/\/www.europesays.com\/se\/wp-json\/wp\/v2\/media\/133876"}],"wp:attachment":[{"href":"https:\/\/www.europesays.com\/se\/wp-json\/wp\/v2\/media?parent=133875"}],"wp:term":[{"taxonomy":"category","embeddable":true,"href":"https:\/\/www.europesays.com\/se\/wp-json\/wp\/v2\/categories?post=133875"},{"taxonomy":"post_tag","embeddable":true,"href":"https:\/\/www.europesays.com\/se\/wp-json\/wp\/v2\/tags?post=133875"}],"curies":[{"name":"wp","href":"https:\/\/api.w.org\/{rel}","templated":true}]}}