{"id":133903,"date":"2026-01-13T06:17:23","date_gmt":"2026-01-13T06:17:23","guid":{"rendered":"https:\/\/www.europesays.com\/se\/133903\/"},"modified":"2026-01-13T06:17:23","modified_gmt":"2026-01-13T06:17:23","slug":"p4-vasttrafik-i-krismote-expressen","status":"publish","type":"post","link":"https:\/\/www.europesays.com\/se\/133903\/","title":{"rendered":"P4: V\u00e4sttrafik i krism\u00f6te &#8211; Expressen"},"content":{"rendered":"<ol>\n<li><a href=\"https:\/\/news.google.com\/rss\/articles\/CBMilwFBVV95cUxNNVd2R3lIOVNydHZnajJRMmp0NjRHanVpVmNDMFRCTFc1cV9xSG1nTHlDcU44S0ZwVHM0dmNGUGJTMThTb2k0MDY0RXg4QzdSeGdVN005SjJ2YzBmUFB4QlcxRDFwUG1XTlY2RUZSLUxDMGJQT1lnU2dEWURaYzBmU0h5TGR5M0I0YnMtcE4ySnlPWE9ZbGg0?oc=5\" target=\"_blank\" rel=\"nofollow noopener\">P4: V\u00e4sttrafik i krism\u00f6te<\/a>&nbsp;&nbsp;Expressen<\/li>\n<li><a href=\"https:\/\/news.google.com\/rss\/articles\/CBMingFBVV95cUxOSVJ3ZU5WaTdFOEw5ODBkWGlfNnNMY29vU2RfaW9IdXVCdTdYeE1rdElPQUhLb2NPcmwyOVpIcmszNVJKbzh5UHRIUHdqbm50WjhyOTk2T3F6cGtVSU5IQlBwTVhENEs3RTNEMVpWMGlaVWZLbTcxVkVxUkllMHhjdUt2bGFoUzZPSkFaQVphcjhmRW5pMVRWX0s3XzA3QQ?oc=5\" target=\"_blank\" rel=\"nofollow noopener\">Just nu: Olycka med en personbil p\u00e5 v\u00e4g 219<\/a>&nbsp;&nbsp;SN, S\u00f6dermanlands Nyheter<\/li>\n<li><a href=\"https:\/\/news.google.com\/rss\/articles\/CBMimgFBVV95cUxQdU5mem9MaGNBWHFxS3BILU1SVWVyYzk1d2tQM1h1eEZMSGp3WmhwdkVLTHNzaF9SVU90c1ZBYTFtRXBtMG9QRE1IWTJmR3ZBZTNwY2w4NFh4TFhqVTMwaGRzd1QxNnlWTmJwV09FakR6b3Q5bHBBVlpjalJwTXJVVmlhY3M3aUZKSWRzUnJUZEpuR0FFQVdNNkhR?oc=5\" target=\"_blank\" rel=\"nofollow noopener\">Olycka p\u00e5 v\u00e4g 219 \u2013 ett k\u00f6rf\u00e4lt blockerat<\/a>&nbsp;&nbsp;SN, S\u00f6dermanlands Nyheter<\/li>\n<li><a href=\"https:\/\/news.google.com\/rss\/articles\/CBMingFBVV95cUxPcVJrd0dseEhGRHJHYV9DanctRWxEWnpOanF4OURBeXA1Q2ozTjkwaGtieFd4by01SDMtdU5BQXJpVFZEak1KV0F4c3M4UFRaSDB1WDllRXUwUFBBV0tmV0ZVcjJvNWF0dE85VngyRmpNcnFYRUVrU1NjUEFKXzB5NEpLeUgzc19NMmhqZUQ2dDNzVG1XUTc0MFJYbVBvZw?oc=5\" target=\"_blank\" rel=\"nofollow noopener\">Just nu: Olycka med flera fordon p\u00e5 v\u00e4g 219<\/a>&nbsp;&nbsp;SN, S\u00f6dermanlands Nyheter<\/li>\n<li><a href=\"https:\/\/news.google.com\/rss\/articles\/CBMiogFBVV95cUxQb2pWOUI0eHBDQUhGTFdPT3Y2RnRvYkM1RTZYU1FxMHZHUFNGNHlJV19PV1MyTkYtTEhsWnpocGxQVGJWVVhydEJLR3daaHU3M0NDLVYxWGtyUzFiR2NEcTdTTmVFZEtzOXN4ZGVfeXZMc0NfTG56RzdzV3RIdGVCN0VuQlBCZk5jVDVnOFVTMEtiQmRUTkgteG5pQ0FrUGR6QUE?oc=5\" target=\"_blank\" rel=\"nofollow noopener\">Just nu: Olycka med tv\u00e5 personbilar p\u00e5 v\u00e4g 219<\/a>&nbsp;&nbsp;SN, S\u00f6dermanlands Nyheter<\/li>\n<\/ol>\n","protected":false},"excerpt":{"rendered":"P4: V\u00e4sttrafik i krism\u00f6te&nbsp;&nbsp;Expressen Just nu: Olycka med en personbil p\u00e5 v\u00e4g 219&nbsp;&nbsp;SN, S\u00f6dermanlands Nyheter Olycka p\u00e5 v\u00e4g&hellip;\n","protected":false},"author":2,"featured_media":39,"comment_status":"","ping_status":"","sticky":false,"template":"","format":"standard","meta":{"footnotes":""},"categories":[14],"tags":[22,23,26,27,17,21,24,25,28,29,15,16,18,34,31,33,32,30,19,20,51,52,53,54],"class_list":{"0":"post-133903","1":"post","2":"type-post","3":"status-publish","4":"format-standard","5":"has-post-thumbnail","7":"category-varlden","8":"tag-breaking-news","9":"tag-breakingnews","10":"tag-featured-news","11":"tag-featurednews","12":"tag-headlines","13":"tag-huvudnyheter","14":"tag-latest-news","15":"tag-latestnews","16":"tag-main-news","17":"tag-mainnews","18":"tag-news","19":"tag-nyheter","20":"tag-rubriker","21":"tag-se","22":"tag-svenska","23":"tag-sverige","24":"tag-sweden","25":"tag-swedish","26":"tag-top-stories","27":"tag-topstories","28":"tag-varlden","29":"tag-world","30":"tag-world-news","31":"tag-worldnews"},"share_on_mastodon":{"url":"https:\/\/pubeurope.com\/@se\/115886335244634138","error":""},"_links":{"self":[{"href":"https:\/\/www.europesays.com\/se\/wp-json\/wp\/v2\/posts\/133903","targetHints":{"allow":["GET"]}}],"collection":[{"href":"https:\/\/www.europesays.com\/se\/wp-json\/wp\/v2\/posts"}],"about":[{"href":"https:\/\/www.europesays.com\/se\/wp-json\/wp\/v2\/types\/post"}],"author":[{"embeddable":true,"href":"https:\/\/www.europesays.com\/se\/wp-json\/wp\/v2\/users\/2"}],"replies":[{"embeddable":true,"href":"https:\/\/www.europesays.com\/se\/wp-json\/wp\/v2\/comments?post=133903"}],"version-history":[{"count":0,"href":"https:\/\/www.europesays.com\/se\/wp-json\/wp\/v2\/posts\/133903\/revisions"}],"wp:featuredmedia":[{"embeddable":true,"href":"https:\/\/www.europesays.com\/se\/wp-json\/wp\/v2\/media\/39"}],"wp:attachment":[{"href":"https:\/\/www.europesays.com\/se\/wp-json\/wp\/v2\/media?parent=133903"}],"wp:term":[{"taxonomy":"category","embeddable":true,"href":"https:\/\/www.europesays.com\/se\/wp-json\/wp\/v2\/categories?post=133903"},{"taxonomy":"post_tag","embeddable":true,"href":"https:\/\/www.europesays.com\/se\/wp-json\/wp\/v2\/tags?post=133903"}],"curies":[{"name":"wp","href":"https:\/\/api.w.org\/{rel}","templated":true}]}}