{"id":133904,"date":"2026-01-13T06:18:18","date_gmt":"2026-01-13T06:18:18","guid":{"rendered":"https:\/\/www.europesays.com\/se\/133904\/"},"modified":"2026-01-13T06:18:18","modified_gmt":"2026-01-13T06:18:18","slug":"david-nyman-om-snokaoset-och-elnatet","status":"publish","type":"post","link":"https:\/\/www.europesays.com\/se\/133904\/","title":{"rendered":"David Nyman om sn\u00f6kaoset och eln\u00e4tet"},"content":{"rendered":"<p>Elavgifterna h\u00f6js samtidigt som vi anv\u00e4nder fotogenlamporshare-arrowDela<\/p>\n<p>unsaveSpara<\/p>\n<p>expand-left<\/p>\n<p>helsk\u00e4rm<img decoding=\"async\" class=\"image-asset hyperion-css-1ea613e\" data-test-tag=\"image-asset\" src=\"https:\/\/www.europesays.com\/se\/wp-content\/uploads\/2026\/01\/9a3a33c8-b848-412a-a5c6-208ea9830e3c.jpeg\"  alt=\"\u201dFr\u00e5n b\u00f6rjan \u00e4r jag \u00f6vertygad om att elen ska \u00e5terkomma n\u00e4r som helst. Men dag tre utan information inser jag att jag m\u00e5ste st\u00e4lla in allt\u201d\"  loading=\"eager\" fetchpriority=\"high\" style=\"aspect-ratio:1900 \/ 1425\"\/>\u201dFr\u00e5n b\u00f6rjan \u00e4r jag \u00f6vertygad om att elen ska \u00e5terkomma n\u00e4r som helst. Men dag tre utan information inser jag att jag m\u00e5ste st\u00e4lla in allt\u201d Foto: Privat<\/p>\n<p class=\"hyperion-css-1v9qo5x\"><strong>Elva dygn har g\u00e5tt<\/strong> sedan elen f\u00f6rsvann.<\/p>\n<p class=\"hyperion-css-1v9qo5x\">Jag har gjort det som blivit en vana vid det h\u00e4r laget: g\u00e5tt upp vid fem i beckm\u00f6rker, eldat i kakelugn och vedspis f\u00f6r att f\u00e5 upp v\u00e4rmen, och n\u00e4r ljuset kommit vid tio skottat fram bilen och d\u00f6rren till vedboden s\u00e5 jag kan l\u00f6sa de mest akuta problemen f\u00f6r dagen innan m\u00f6rkret faller vid tre. Jag har \u00e5kt och h\u00e4mtat vatten i stora dunkar, fyllt p\u00e5 gasol, k\u00f6pt mat och laddat powerbanks. N\u00e4r jag precis ska g\u00f6ra eld i spisen f\u00f6r att kunna laga middag piper kylsk\u00e5pet till, och ja: jag har el. <\/p>\n<p class=\"hyperion-css-1v9qo5x\">F\u00f6r f\u00f6rsta g\u00e5ngen i \u00e5r sl\u00e5r jag av str\u00f6msparl\u00e4get p\u00e5 datorn och b\u00f6rjar skriva den h\u00e4r texten.<\/p>\n<p class=\"hyperion-css-1v9qo5x\">Den 23 december g\u00e5r jag p\u00e5 vad som ska bli min f\u00f6rsta l\u00e4ngre ledighet p\u00e5 flera \u00e5r, men n\u00e4r julen passerat b\u00f6rjar stormvarningarna komma.<\/p>\n<p class=\"hyperion-css-1v9qo5x\">Jag bor i en 150 \u00e5r gammal banvaktarstuga i den lilla byn Undersvik, mitt i <a data-test-tag=\"internal-link\" href=\"https:\/\/www.aftonbladet.se\/tagg\/halsingland\" class=\"hyperion-css-15jkft9\" rel=\"nofollow noopener\" target=\"\" aria-label=\"H\u00e4lsingland\" theme=\"opinion\">H\u00e4lsingland<\/a>, utan kommunal sn\u00f6r\u00f6jning och med egen brunn. Vi som bor s\u00e5 h\u00e4r lyssnar noga p\u00e5 SMHI vintertid eftersom vi vet att en storm kan slita av takpannor, f\u00e4lla tr\u00e4d \u00f6ver huset eller f\u00e5 elen att f\u00f6rsvinna och \u2013 som en konsekvens av detta \u2013 vattnet att frysa i sina r\u00f6r.<\/p>\n<blockquote data-test-tag=\"blockquote\" class=\"blockquote-content_747c\"><p>pullquoteEn mus letar desperat efter den enda v\u00e4rmek\u00e4llan inom r\u00e4ckh\u00e5ll: mig. Jag sl\u00e5r bort den om och om igen, men den f\u00f6rs\u00f6ker p\u00e5 nytt.<\/p><\/blockquote>\n<p class=\"hyperion-css-1v9qo5x\">M\u00e5nga av oss f\u00f6rbereder oss s\u00e5 gott vi kan p\u00e5 detta faktum. N\u00e4r str\u00f6mmen g\u00e5r, klockan 15.38 l\u00f6rdagen den 27 december, suckar jag men f\u00e5r allts\u00e5 knappast panik. Den ska intr\u00e4da f\u00f6rst l\u00e5ngt senare.<\/p>\n<p class=\"hyperion-css-1v9qo5x\">\u00a0<\/p>\n<p class=\"hyperion-css-1v9qo5x\"><strong>Fr\u00e5n b\u00f6rjan<\/strong> \u00e4r jag \u00f6vertygad om att elen ska \u00e5terkomma n\u00e4r som helst. Men dag tre utan information inser jag att jag m\u00e5ste st\u00e4lla in allt: att se till att huset och jag sj\u00e4lv inte fryser s\u00f6nder \u00e4r ett heltidsjobb som inte g\u00e5r att g\u00f6ra p\u00e5 distans.<\/p>\n<p class=\"hyperion-css-1v9qo5x\">V\u00e4rmen blir min enda prioritet. Under den f\u00f6rsta veckan b\u00f6rjar mitt hem l\u00e5ngsamt bli smutsigare och smutsigare, od\u00f6rer fr\u00e5n gasol, fotogen och brandr\u00f6k \u00e4ter sig in i textilierna och maten i kylsk\u00e5pet ruttnar eftersom det \u00e4r varmare i det \u00e4n utanf\u00f6r. Jag s\u00e4tter upp skynken med h\u00e4ftpistol f\u00f6r vissa f\u00f6nster och mellan rum f\u00f6r att isolera. Inget \u00e4r \u00e4nd\u00e5 s\u00e5 po\u00e4ngl\u00f6st som estetik p\u00e5 det h\u00e4r steget i behovstrappan.<\/p>\n<p class=\"hyperion-css-1v9qo5x\">En kv\u00e4ll b\u00f6rjar jag, hukad \u00f6ver mobilen och i skenet av stearinljus, googla intensivt f\u00f6r att f\u00f6rs\u00f6ka f\u00f6rst\u00e5 hur jag hamnat h\u00e4r. Det h\u00e4r \u00e4r vad jag l\u00e4r mig.<\/p>\n<p class=\"hyperion-css-1v9qo5x\">\u00a0<\/p>\n<p class=\"hyperion-css-1v9qo5x\"><strong>I h\u00f6stas aviserade<\/strong> mitt eln\u00e4tsbolag <a data-test-tag=\"internal-link\" href=\"https:\/\/www.aftonbladet.se\/tagg\/ellevio-tidigare-fortum\" class=\"hyperion-css-15jkft9\" rel=\"nofollow noopener\" target=\"\" aria-label=\"Ellevio\" theme=\"opinion\">Ellevio<\/a> att de skulle h\u00f6ja avgifterna \u2013 trots att de redan \u00f6kat 60% p\u00e5 tio \u00e5r, en bra bit mer \u00e4n vad som kan urs\u00e4ktas av inflationen. Det fick energiminister Ebba Busch att kalla upp dem och Vattenfall till departementet f\u00f6r att f\u00f6rklara sig. F\u00f6r svensk el \u00e4r en k\u00e4nslig fr\u00e5ga med sn\u00e5rig historia.<\/p>\n<p class=\"hyperion-css-1v9qo5x\">Efter 90-talets avreglering och millennieskiftets k\u00f6pfest \u00e4r det svenska eln\u00e4tet i dag ett till stor del utlands\u00e4gt monopol med komplex struktur: bolagen regleras av en relativt tandl\u00f6s ellag fr\u00e5n 2011, samt tillsynsmyndigheten <a data-test-tag=\"internal-link\" href=\"https:\/\/www.aftonbladet.se\/tagg\/energimarknadsinspektionen\" class=\"hyperion-css-15jkft9\" rel=\"nofollow noopener\" target=\"\" aria-label=\"Energimarknadsinspektionen\" theme=\"opinion\">Energimarknadsinspektionen<\/a> (EI) som ska kontrollera att de sk\u00f6ter sig. Vart fj\u00e4rde \u00e5r s\u00e4tts, med hj\u00e4lp av en ber\u00e4kningsmodell, en int\u00e4ktsram \u2013 man best\u00e4mmer helt enkelt hur mycket pengar n\u00e4tbolagen f\u00e5r tj\u00e4na. Ellagen s\u00e4ger att de ska f\u00e5 t\u00e4ckning f\u00f6r sina kostnader och en rimlig avkastning. Inte mer.<\/p>\n<p>expand-left<\/p>\n<p>helsk\u00e4rm<img decoding=\"async\" class=\"image-asset hyperion-css-1fpz68f\" data-test-tag=\"image-asset\" src=\"https:\/\/www.europesays.com\/se\/wp-content\/uploads\/2026\/01\/f20dd453-6fa7-43a2-9ea4-5af4947e8a1f.jpeg\"  alt=\"Gasoltuber, vattendunk, gasolv\u00e4rmare, bensin, portabelt elverk samt fotogenkamin.\"  loading=\"eager\" fetchpriority=\"high\" style=\"aspect-ratio:1900 \/ 1425\"\/>Gasoltuber, vattendunk, gasolv\u00e4rmare, bensin, portabelt elverk samt fotogenkamin. Foto: Privat<\/p>\n<p class=\"hyperion-css-1v9qo5x\">P\u00e5 morgonen ringer jag Tommy Johansson, avdelningschef p\u00e5 EI, f\u00f6r att ta reda p\u00e5 hur rimlig denna avkastning \u00e4r. Han ber\u00e4ttar att n\u00e4r ramen senast sattes, 2024, \u00f6kade int\u00e4ktsutrymmet i reala termer med 30-40% fr\u00e5n f\u00f6reg\u00e5ende period.<\/p>\n<p class=\"hyperion-css-1v9qo5x\">\u2013 Vi har under en l\u00e4ngre tid p\u00e5pekat att det finns brister i regleringen som g\u00f6r att n\u00e4tbolagen \u00f6verkompenseras i f\u00f6rh\u00e5llande till sina faktiska kostnader. Till n\u00e4sta period vill vi f\u00f6r\u00e4ndra hur int\u00e4ktsramen tas fram, s\u00e4ger han.<\/p>\n<p class=\"hyperion-css-1v9qo5x\">N\u00e4sta period b\u00f6rjar 2028. Till dess har n\u00e4tbolagen ett utm\u00e4rkt l\u00e4ge att, fr\u00e5n sin monopolposition, g\u00f6ra sig en stadig hacka utan att myndigheterna har n\u00e5got att s\u00e4ga till om \u2013 det \u00e4r EI inte ensamma om att varna f\u00f6r. De tre st\u00f6rsta bolagen (EON, Vattenfall och Ellevio) har haft skyh\u00f6ga vinstmarginaler p\u00e5 20-45 procent de senaste 15 \u00e5ren. I faktiska pengar inneb\u00e4r det \u00e5rliga \u00f6verskott p\u00e5 flera miljarder kronor.<\/p>\n<p class=\"hyperion-css-1v9qo5x\">\u00a0<\/p>\n<p class=\"hyperion-css-1v9qo5x\"><strong>Strax efter ny\u00e5r<\/strong> kommer en meter sn\u00f6. Jag \u00e4r s\u00e5 uppgiven att jag inte orkar ta itu med det. Men det \u00e5ttonde dygnet utan el, s\u00f6ndag 4 januari, faller temperaturen till -30, veden \u00e4r slut och jag m\u00e5ste skotta mig ut f\u00f6r att \u00f6ver huvud taget \u00f6verleva. I morgonens tidigaste timmar \u2013 det g\u00e5r \u00e4nd\u00e5 inte att sova i den h\u00e4r kylan \u2013 gr\u00e4ver jag i ficklampsljus en g\u00e5ng fr\u00e5n sovrumsd\u00f6rren ut till vedboden. Det tar timmar av intensivt eldande innan huset blir acceptabelt varmt.<\/p>\n<p class=\"hyperion-css-1v9qo5x\">Sent p\u00e5 kv\u00e4llen, n\u00e4r jag utmattad f\u00f6rs\u00f6ker f\u00e5 n\u00e5gra timmars s\u00f6mn, blir l\u00e5gvattenm\u00e4rket synligt. Fullt p\u00e5kl\u00e4dd och under dubbla t\u00e4cken har jag precis f\u00e5tt upp tillr\u00e4ckligt med v\u00e4rme och \u00e4r p\u00e5 v\u00e4g att somna n\u00e4r jag k\u00e4nner att n\u00e5got kl\u00e4ttrar p\u00e5 min \u00f6verarm. En mus letar desperat efter den enda v\u00e4rmek\u00e4llan inom r\u00e4ckh\u00e5ll: mig. Jag sl\u00e5r bort den om och om igen, men den f\u00f6rs\u00f6ker p\u00e5 nytt. Till slut t\u00e4nder jag ficklampan, s\u00e4tter mig upp i s\u00e4ngen och g\u00e5r upp f\u00f6r att gillra r\u00e5ttf\u00e4llorna.<\/p>\n<p class=\"hyperion-css-1v9qo5x\">En str\u00f6ml\u00f6s v\u00e4n som bor n\u00e5gra mil bort s\u00e4ger att hon flera g\u00e5nger gr\u00e5tit av stress och desperation under str\u00f6mavbrottet. Jag gr\u00e5ter inte. Jag skriker rakt ut.<\/p>\n<p class=\"hyperion-css-1v9qo5x\">\u00a0<\/p>\n<p class=\"hyperion-css-1v9qo5x\"><strong>Min krisresearch l\u00e4r<\/strong> mig ocks\u00e5 en annan sak: det \u00e4r viktigt att h\u00e5lla tungan r\u00e4tt i mun vad g\u00e4ller eln\u00e4tsfr\u00e5gor. Str\u00f6mavbrott g\u00e5r aldrig att undvika helt. Konsekvenserna av stormen Johannes hade blivit allvarliga oavsett, och Ellevio stoppar trots allt in stora delar av sina miljarder i eln\u00e4tet varje \u00e5r. Men att ducka bolagsskatt, h\u00f6ja avgifterna och g\u00f6ra stora vinster p\u00e5 essentiell samh\u00e4llelig infrastruktur \u2013 samtidigt som tusentals m\u00e4nniskor kurar i minusgrader framf\u00f6r fotogenkaminer i veckor \u2013 \u00e4r problematiskt p\u00e5 l\u00e5ngt fler s\u00e4tt \u00e4n det optiska.<\/p>\n<p class=\"hyperion-css-1v9qo5x\">Jag ringer till slut Ellevio. Jonatan Bj\u00f6rck, presstalesperson, tycker att det ger en or\u00e4ttvis och f\u00f6renklad bild att lyfta fram bolagets miljardvinster. Han l\u00e5ter tr\u00f6tt och uppgiven, men \u00e4r noga med att inte klaga eftersom han sitter p\u00e5 ett varmt kontor.<\/p>\n<p class=\"hyperion-css-1v9qo5x\"><strong>Var den h\u00e4r katastrofen helt om\u00f6jlig att undvika?<\/strong><\/p>\n<p class=\"hyperion-css-1v9qo5x\">\u2013 Ja, men d\u00e5 m\u00e5ste man se till alternativkostnaden. Helt nedgr\u00e4vda ledningar eller 40 meter breda ledningsgator \u2013 den kostnaden hade varken kunderna eller politikerna accepterat. Hade l\u00e4get kunnat vara b\u00e4ttre? D\u00e4r \u00e4r svaret ja. Efterkloka kommer vi att beh\u00f6va vara, men just nu \u00e4r vi i battle mode.<\/p>\n<p class=\"hyperion-css-1v9qo5x\">L\u00e4get hade mycket riktigt kunnat vara b\u00e4ttre. Mer av eln\u00e4tet hade kunnat vara v\u00e4ders\u00e4krat, mindre pengar ute p\u00e5 vift. I stormens efterdyningar m\u00e5ste n\u00e4tbolagen tvingas till mer sj\u00e4lvkritik \u00e4n de \u00e4r bekv\u00e4ma med, och definitivt till ett avsev\u00e4rt l\u00e4gre vinsttak.<\/p>\n<p class=\"hyperion-css-1v9qo5x\">\u00a0<\/p>\n<p class=\"hyperion-css-1v9qo5x\"><strong>Morgonen efter<\/strong> att elen kommit tillbaka g\u00e5r jag f\u00f6r f\u00f6rsta g\u00e5ngen p\u00e5 l\u00e4nge upp utan att dra ig\u00e5ng en brasa i spisen. I k\u00f6ket \u00e5terser jag musen: stend\u00f6d, fastnaglad i en av mina f\u00e4llor. Jag tar loss den, \u00f6ppnar k\u00f6ksd\u00f6rren och kastar kroppen ut i sn\u00f6n.<\/p>\n<p><img decoding=\"async\" src=\"https:\/\/www.europesays.com\/se\/wp-content\/uploads\/2025\/09\/f250a746007091472c8d69d63c7fe5fc.jpg\" class=\"thumbnail-image_fbfd\" alt=\"\u00c5ret med kritikerfamiljen 2025\"\/><\/p>\n<p>\u00c5ret med kritikerfamiljen 2025<\/p>\n<p>1:36:21<\/p>\n","protected":false},"excerpt":{"rendered":"Elavgifterna h\u00f6js samtidigt som vi anv\u00e4nder fotogenlamporshare-arrowDela unsaveSpara expand-left helsk\u00e4rm\u201dFr\u00e5n b\u00f6rjan \u00e4r jag \u00f6vertygad om att elen ska&hellip;\n","protected":false},"author":2,"featured_media":133905,"comment_status":"","ping_status":"","sticky":false,"template":"","format":"standard","meta":{"footnotes":""},"categories":[12],"tags":[22,23,26,27,17,21,24,25,28,29,15,16,18,34,31,33,32,30,19,20],"class_list":{"0":"post-133904","1":"post","2":"type-post","3":"status-publish","4":"format-standard","5":"has-post-thumbnail","7":"category-sverige","8":"tag-breaking-news","9":"tag-breakingnews","10":"tag-featured-news","11":"tag-featurednews","12":"tag-headlines","13":"tag-huvudnyheter","14":"tag-latest-news","15":"tag-latestnews","16":"tag-main-news","17":"tag-mainnews","18":"tag-news","19":"tag-nyheter","20":"tag-rubriker","21":"tag-se","22":"tag-svenska","23":"tag-sverige","24":"tag-sweden","25":"tag-swedish","26":"tag-top-stories","27":"tag-topstories"},"share_on_mastodon":{"url":"https:\/\/pubeurope.com\/@se\/115886339114566078","error":""},"_links":{"self":[{"href":"https:\/\/www.europesays.com\/se\/wp-json\/wp\/v2\/posts\/133904","targetHints":{"allow":["GET"]}}],"collection":[{"href":"https:\/\/www.europesays.com\/se\/wp-json\/wp\/v2\/posts"}],"about":[{"href":"https:\/\/www.europesays.com\/se\/wp-json\/wp\/v2\/types\/post"}],"author":[{"embeddable":true,"href":"https:\/\/www.europesays.com\/se\/wp-json\/wp\/v2\/users\/2"}],"replies":[{"embeddable":true,"href":"https:\/\/www.europesays.com\/se\/wp-json\/wp\/v2\/comments?post=133904"}],"version-history":[{"count":0,"href":"https:\/\/www.europesays.com\/se\/wp-json\/wp\/v2\/posts\/133904\/revisions"}],"wp:featuredmedia":[{"embeddable":true,"href":"https:\/\/www.europesays.com\/se\/wp-json\/wp\/v2\/media\/133905"}],"wp:attachment":[{"href":"https:\/\/www.europesays.com\/se\/wp-json\/wp\/v2\/media?parent=133904"}],"wp:term":[{"taxonomy":"category","embeddable":true,"href":"https:\/\/www.europesays.com\/se\/wp-json\/wp\/v2\/categories?post=133904"},{"taxonomy":"post_tag","embeddable":true,"href":"https:\/\/www.europesays.com\/se\/wp-json\/wp\/v2\/tags?post=133904"}],"curies":[{"name":"wp","href":"https:\/\/api.w.org\/{rel}","templated":true}]}}