{"id":133914,"date":"2026-01-13T06:26:16","date_gmt":"2026-01-13T06:26:16","guid":{"rendered":"https:\/\/www.europesays.com\/se\/133914\/"},"modified":"2026-01-13T06:26:16","modified_gmt":"2026-01-13T06:26:16","slug":"regeringens-ja-till-fangvardsanstalten-i-ulriksfors","status":"publish","type":"post","link":"https:\/\/www.europesays.com\/se\/133914\/","title":{"rendered":"Regeringens ja till f\u00e5ngv\u00e5rdsanstalten i Ulriksfors"},"content":{"rendered":"<p>\t\t\t\t\t\t\t<img src=\"data:image\/svg+xml,%3Csvg%20xmlns=\" http:=\"\" class=\"attachment-post-thumbnail size-post-thumbnail wp-post-image\" alt=\"\" decoding=\"async\" data-lazy- data-lazy- data-lazy-src=\"https:\/\/www.europesays.com\/se\/wp-content\/uploads\/2026\/01\/tn-dsc05796.jpg\"\/>\t\t\t\t\t\t<\/p>\n<p class=\"post-type\">nyheter<\/p>\n<p>\t\t\t2026-01-12<\/p>\n<p>\t\t\t\t\t\t\tNu har Regeringen godk\u00e4nt och undertecknat hyreskontrakt f\u00f6r den nya f\u00e5ngv\u00e5rdsanstalten i Ulriksfors. Kontraktet g\u00e4ller fr\u00e5n november 2027 och 20 \u00e5r fram\u00e5t. <\/p>\n<p>S\u00e5 har Regeringen gett sitt godk\u00e4nnande till Kriminalv\u00e5rden f\u00f6r ett 20-\u00e5rigt hyreskontrakt som avser f\u00e5ngv\u00e5rdsanstalten i Ulriksfors. Det kommer att bli en \u00f6ppenv\u00e5rdsanstalt av klass tre med plats f\u00f6r 140 intagna och antalet anst\u00e4llda ber\u00e4knas bli 75 personer.<\/p>\n<p>\u00c4gare av byggnader och mark \u00e4r Monen Fastighetsf\u00f6rvaltning AB.<\/p>\n<p>\u00a0<\/p>\n<p>Text o arkivbild: Barbro Ericson<\/p>\n<p>\t\t\t\t\t\t\t affarsnyttnorr<\/p>\n","protected":false},"excerpt":{"rendered":"nyheter 2026-01-12 Nu har Regeringen godk\u00e4nt och undertecknat hyreskontrakt f\u00f6r den nya f\u00e5ngv\u00e5rdsanstalten i Ulriksfors. Kontraktet g\u00e4ller fr\u00e5n&hellip;\n","protected":false},"author":2,"featured_media":133915,"comment_status":"","ping_status":"","sticky":false,"template":"","format":"standard","meta":{"footnotes":""},"categories":[12],"tags":[22,23,26,27,17,21,24,25,28,29,15,16,18,34,31,33,32,30,19,20],"class_list":{"0":"post-133914","1":"post","2":"type-post","3":"status-publish","4":"format-standard","5":"has-post-thumbnail","7":"category-sverige","8":"tag-breaking-news","9":"tag-breakingnews","10":"tag-featured-news","11":"tag-featurednews","12":"tag-headlines","13":"tag-huvudnyheter","14":"tag-latest-news","15":"tag-latestnews","16":"tag-main-news","17":"tag-mainnews","18":"tag-news","19":"tag-nyheter","20":"tag-rubriker","21":"tag-se","22":"tag-svenska","23":"tag-sverige","24":"tag-sweden","25":"tag-swedish","26":"tag-top-stories","27":"tag-topstories"},"share_on_mastodon":{"url":"https:\/\/pubeurope.com\/@se\/115886370496603820","error":""},"_links":{"self":[{"href":"https:\/\/www.europesays.com\/se\/wp-json\/wp\/v2\/posts\/133914","targetHints":{"allow":["GET"]}}],"collection":[{"href":"https:\/\/www.europesays.com\/se\/wp-json\/wp\/v2\/posts"}],"about":[{"href":"https:\/\/www.europesays.com\/se\/wp-json\/wp\/v2\/types\/post"}],"author":[{"embeddable":true,"href":"https:\/\/www.europesays.com\/se\/wp-json\/wp\/v2\/users\/2"}],"replies":[{"embeddable":true,"href":"https:\/\/www.europesays.com\/se\/wp-json\/wp\/v2\/comments?post=133914"}],"version-history":[{"count":0,"href":"https:\/\/www.europesays.com\/se\/wp-json\/wp\/v2\/posts\/133914\/revisions"}],"wp:featuredmedia":[{"embeddable":true,"href":"https:\/\/www.europesays.com\/se\/wp-json\/wp\/v2\/media\/133915"}],"wp:attachment":[{"href":"https:\/\/www.europesays.com\/se\/wp-json\/wp\/v2\/media?parent=133914"}],"wp:term":[{"taxonomy":"category","embeddable":true,"href":"https:\/\/www.europesays.com\/se\/wp-json\/wp\/v2\/categories?post=133914"},{"taxonomy":"post_tag","embeddable":true,"href":"https:\/\/www.europesays.com\/se\/wp-json\/wp\/v2\/tags?post=133914"}],"curies":[{"name":"wp","href":"https:\/\/api.w.org\/{rel}","templated":true}]}}