{"id":13392,"date":"2025-08-25T14:16:09","date_gmt":"2025-08-25T14:16:09","guid":{"rendered":"https:\/\/www.europesays.com\/se\/13392\/"},"modified":"2025-08-25T14:16:09","modified_gmt":"2025-08-25T14:16:09","slug":"idf-toppar-kritiserar-invasionen-av-gaza-stad","status":"publish","type":"post","link":"https:\/\/www.europesays.com\/se\/13392\/","title":{"rendered":"IDF-toppar kritiserar invasionen av Gaza stad"},"content":{"rendered":"<p>Av Oscar Lundberg<br \/>Publicerad 25 augusti, 14:49. Uppdaterad 25 augusti, 14:50<\/p>\n<p>Flera israeliska milit\u00e4rtoppar, bland annat IDF:s stabschef Eyal Zamir, v\u00e4djar till Benjamin Netanyahu och landets regering att komma \u00f6verens med Hamas om en vapenvila, rapporterar Haaretz.<\/p>\n<p>Att genomf\u00f6ra den utlysta invasionen av Gaza stad kan leda till gisslans d\u00f6d, s\u00e4ger flera arm\u00e9toppar, som i st\u00e4llet f\u00f6respr\u00e5kar en f\u00f6rhandlingsl\u00f6sning \u2013 nu n\u00e4r man har \u00f6vertaget.<\/p>\n<p>\u2013 Netanyahu, det \u00e4r dags att agera enligt folkets vilja. Forts\u00e4tt inte detta \u00e4ndl\u00f6sa krig. Offra inte gisslan, v\u00e5ra soldater och israeliska civila, s\u00e4ger Eyal Zamin under ett m\u00f6te med s\u00e4kerhetskabinettet.<\/p>\n<p>Omni \u00e4r politiskt obundna och oberoende. Vi str\u00e4var efter att ge fler perspektiv p\u00e5 nyheterna. Har du fr\u00e5gor eller synpunkter kring v\u00e5r rapportering? <a href=\"https:\/\/omni.se\/idf-chef-kritiserar-invasionen-vadjar-om-fredsplan\/a\/mailto:redaktion@omni.se\" class=\"ArticleActions_contactLink__W2F1M\" rel=\"nofollow noopener\" target=\"_blank\">Kontakta redaktionen<\/a><\/p>\n","protected":false},"excerpt":{"rendered":"Av Oscar LundbergPublicerad 25 augusti, 14:49. Uppdaterad 25 augusti, 14:50 Flera israeliska milit\u00e4rtoppar, bland annat IDF:s stabschef Eyal&hellip;\n","protected":false},"author":2,"featured_media":13393,"comment_status":"","ping_status":"","sticky":false,"template":"","format":"standard","meta":{"footnotes":""},"categories":[5],"tags":[1044,22,23,26,27,121,17,21,24,25,28,29,125,15,16,18,34,31,33,32,30,19,20],"class_list":{"0":"post-13392","1":"post","2":"type-post","3":"status-publish","4":"format-standard","5":"has-post-thumbnail","7":"category-rubriker","8":"tag-benjamin-netanyahu","9":"tag-breaking-news","10":"tag-breakingnews","11":"tag-featured-news","12":"tag-featurednews","13":"tag-gaza","14":"tag-headlines","15":"tag-huvudnyheter","16":"tag-latest-news","17":"tag-latestnews","18":"tag-main-news","19":"tag-mainnews","20":"tag-mellanosternkrisen","21":"tag-news","22":"tag-nyheter","23":"tag-rubriker","24":"tag-se","25":"tag-svenska","26":"tag-sverige","27":"tag-sweden","28":"tag-swedish","29":"tag-top-stories","30":"tag-topstories"},"share_on_mastodon":{"url":"","error":""},"_links":{"self":[{"href":"https:\/\/www.europesays.com\/se\/wp-json\/wp\/v2\/posts\/13392","targetHints":{"allow":["GET"]}}],"collection":[{"href":"https:\/\/www.europesays.com\/se\/wp-json\/wp\/v2\/posts"}],"about":[{"href":"https:\/\/www.europesays.com\/se\/wp-json\/wp\/v2\/types\/post"}],"author":[{"embeddable":true,"href":"https:\/\/www.europesays.com\/se\/wp-json\/wp\/v2\/users\/2"}],"replies":[{"embeddable":true,"href":"https:\/\/www.europesays.com\/se\/wp-json\/wp\/v2\/comments?post=13392"}],"version-history":[{"count":0,"href":"https:\/\/www.europesays.com\/se\/wp-json\/wp\/v2\/posts\/13392\/revisions"}],"wp:featuredmedia":[{"embeddable":true,"href":"https:\/\/www.europesays.com\/se\/wp-json\/wp\/v2\/media\/13393"}],"wp:attachment":[{"href":"https:\/\/www.europesays.com\/se\/wp-json\/wp\/v2\/media?parent=13392"}],"wp:term":[{"taxonomy":"category","embeddable":true,"href":"https:\/\/www.europesays.com\/se\/wp-json\/wp\/v2\/categories?post=13392"},{"taxonomy":"post_tag","embeddable":true,"href":"https:\/\/www.europesays.com\/se\/wp-json\/wp\/v2\/tags?post=13392"}],"curies":[{"name":"wp","href":"https:\/\/api.w.org\/{rel}","templated":true}]}}