{"id":133921,"date":"2026-01-13T06:33:50","date_gmt":"2026-01-13T06:33:50","guid":{"rendered":"https:\/\/www.europesays.com\/se\/133921\/"},"modified":"2026-01-13T06:33:50","modified_gmt":"2026-01-13T06:33:50","slug":"jag-ar-utled-pa-att-se-det-har-landet-ga-i-krig-hufvudstadsbladet","status":"publish","type":"post","link":"https:\/\/www.europesays.com\/se\/133921\/","title":{"rendered":"\u201dJag \u00e4r utled p\u00e5 att se det h\u00e4r landet g\u00e5 i krig\u201d &#8211; Hufvudstadsbladet"},"content":{"rendered":"<ol>\n<li><a href=\"https:\/\/news.google.com\/rss\/articles\/CBMimgFBVV95cUxNSV9tZGNLZW92R3NaSm9WbXRZQVQ4TkRDUWkwSHZhNWtMNjNaVjdCd1UwRzMwb2dTcWxGV2ZQZ190dUJIYXpXR1Vud2tnZE10aXZVNHJTajgxSnozX2hMUVpWYlZQR29ob1hGUlZiblc3MGtKdmZNYzJfT3NsTW13WkxoS2x3anFOQmpMWG9GazVlVXE4eDR3czNB?oc=5\" target=\"_blank\" rel=\"nofollow noopener\">\u201dJag \u00e4r utled p\u00e5 att se det h\u00e4r landet g\u00e5 i krig\u201d<\/a>&nbsp;&nbsp;Hufvudstadsbladet<\/li>\n<li><a href=\"https:\/\/news.google.com\/rss\/articles\/CBMiigFBVV95cUxPVDdWeFpXR1Y3eC1JdzAtOHNlUjNNbi1udlRSQW5TZGQ5N3BYTDh2MVg2eHJKajVha0F2SVFkTm5mb0RRQ0RjUy03Z0dBNUpSM0JzZi1fdlg3ODRLRDROOEZwRGRybVlwUGxxNExSaUVlSmdXZ1g0VmRsalpiZS1pRi1Rbjg3WWlLeFE?oc=5\" target=\"_blank\" rel=\"nofollow noopener\">H\u00e4ktningsf\u00f6rhandlingen mot \u201dChrippa\u201d inleds snart<\/a>&nbsp;&nbsp;Aftonbladet<\/li>\n<li><a href=\"https:\/\/news.google.com\/rss\/articles\/CBMingFBVV95cUxOcXFuTDBDdjQ0dzNMd1liZGRoeG1WcjlSZm5nb0RhbXZYV2RhWlJicU9ob0pLNTg0d0FlRHd6TDZ4T2tZRVN5Q3Q4RnQ1dmxuSHg5dDA0OEcwVk5QT1c5c2trV0p0ODRLbktSc3RaNzRPSzZucjVvQ3N3M1RRcHBkYXNsb0xCNXE0cDQ4bzA2NTVRenZMdHRIeXdvWVpSUQ?oc=5\" target=\"_blank\" rel=\"nofollow noopener\">Caracasbon inte orolig \u00f6ver att USA kommer kontrollera oljan<\/a>&nbsp;&nbsp;Sveriges Radio<\/li>\n<li><a href=\"https:\/\/news.google.com\/rss\/articles\/CBMilAFBVV95cUxOVXZWdm5HYk5sV3oyY1FlQzIzbExCRmhESXgyRThpbWxmc0pYTUF4NmkwRnBpMXlYV2FsRzNXcjM3ZmNWWTRiSzdrTTMzMF8xYUQ3MTdVREdmaUdXbjZ3cU5ldXJ3ckdOQWNIUHBsYV9adU1peDdJaU55Z3A4S1NQZmdGRjNEX3puRF9xcFRfY0xJSUh1?oc=5\" target=\"_blank\" rel=\"nofollow noopener\">Maktspelet: Syskonen kontaktade USA i smyg<\/a>&nbsp;&nbsp;SvD<\/li>\n<li><a href=\"https:\/\/news.google.com\/rss\/articles\/CBMidEFVX3lxTE41QlVNTVowZVNweXZHR2s5dFg3dG9tZC1JUm4xd3dVU2xsZWd2YUw2bjhzenU3XzJ2bVZZcklOWlAzcHA0MWVvaER5YjVvSjFMTXlHNWFUdlNqRWJNMUJnZ1hoRXRHWUR1cnhsTTNFeVZaWVRE?oc=5\" target=\"_blank\" rel=\"nofollow noopener\">Statsministern om attacken<\/a>&nbsp;&nbsp;8 Sidor<\/li>\n<\/ol>\n","protected":false},"excerpt":{"rendered":"\u201dJag \u00e4r utled p\u00e5 att se det h\u00e4r landet g\u00e5 i krig\u201d&nbsp;&nbsp;Hufvudstadsbladet H\u00e4ktningsf\u00f6rhandlingen mot \u201dChrippa\u201d inleds snart&nbsp;&nbsp;Aftonbladet Caracasbon&hellip;\n","protected":false},"author":2,"featured_media":133922,"comment_status":"","ping_status":"","sticky":false,"template":"","format":"standard","meta":{"footnotes":""},"categories":[14],"tags":[22,23,26,27,17,21,24,25,28,29,15,16,18,34,31,33,32,30,19,20,51,52,53,54],"class_list":{"0":"post-133921","1":"post","2":"type-post","3":"status-publish","4":"format-standard","5":"has-post-thumbnail","7":"category-varlden","8":"tag-breaking-news","9":"tag-breakingnews","10":"tag-featured-news","11":"tag-featurednews","12":"tag-headlines","13":"tag-huvudnyheter","14":"tag-latest-news","15":"tag-latestnews","16":"tag-main-news","17":"tag-mainnews","18":"tag-news","19":"tag-nyheter","20":"tag-rubriker","21":"tag-se","22":"tag-svenska","23":"tag-sverige","24":"tag-sweden","25":"tag-swedish","26":"tag-top-stories","27":"tag-topstories","28":"tag-varlden","29":"tag-world","30":"tag-world-news","31":"tag-worldnews"},"share_on_mastodon":{"url":"https:\/\/pubeurope.com\/@se\/115886401928922803","error":""},"_links":{"self":[{"href":"https:\/\/www.europesays.com\/se\/wp-json\/wp\/v2\/posts\/133921","targetHints":{"allow":["GET"]}}],"collection":[{"href":"https:\/\/www.europesays.com\/se\/wp-json\/wp\/v2\/posts"}],"about":[{"href":"https:\/\/www.europesays.com\/se\/wp-json\/wp\/v2\/types\/post"}],"author":[{"embeddable":true,"href":"https:\/\/www.europesays.com\/se\/wp-json\/wp\/v2\/users\/2"}],"replies":[{"embeddable":true,"href":"https:\/\/www.europesays.com\/se\/wp-json\/wp\/v2\/comments?post=133921"}],"version-history":[{"count":0,"href":"https:\/\/www.europesays.com\/se\/wp-json\/wp\/v2\/posts\/133921\/revisions"}],"wp:featuredmedia":[{"embeddable":true,"href":"https:\/\/www.europesays.com\/se\/wp-json\/wp\/v2\/media\/133922"}],"wp:attachment":[{"href":"https:\/\/www.europesays.com\/se\/wp-json\/wp\/v2\/media?parent=133921"}],"wp:term":[{"taxonomy":"category","embeddable":true,"href":"https:\/\/www.europesays.com\/se\/wp-json\/wp\/v2\/categories?post=133921"},{"taxonomy":"post_tag","embeddable":true,"href":"https:\/\/www.europesays.com\/se\/wp-json\/wp\/v2\/tags?post=133921"}],"curies":[{"name":"wp","href":"https:\/\/api.w.org\/{rel}","templated":true}]}}