{"id":133923,"date":"2026-01-13T06:34:05","date_gmt":"2026-01-13T06:34:05","guid":{"rendered":"https:\/\/www.europesays.com\/se\/133923\/"},"modified":"2026-01-13T06:34:05","modified_gmt":"2026-01-13T06:34:05","slug":"psykiskt-storda-man-mordar-kvinnor-regeringen-latsas-vara-oskyldig-arbetet","status":"publish","type":"post","link":"https:\/\/www.europesays.com\/se\/133923\/","title":{"rendered":"Psykiskt st\u00f6rda m\u00e4n m\u00f6rdar kvinnor \u2013 regeringen l\u00e5tsas vara oskyldig \u2013 Arbetet"},"content":{"rendered":"<p>Inget feministiskt sj\u00e4lvf\u00f6rsvar i v\u00e4rlden tar bort risken att han d\u00f6dar dig.<\/p>\n<p>Sn\u00f6n f\u00f6ll f\u00f6rst p\u00e5 ny\u00e5rsnatten. Men kalla k\u00e5rar gick genom kroppen redan i mellandagarna. 55-\u00e5riga kvinnan som m\u00f6rdades i Boden och 25-\u00e5riga kvinnan som hittades d\u00f6d i R\u00f6nninge blev denna juls mest uppm\u00e4rksammade offer f\u00f6r m\u00e4ns v\u00e5ld mot kvinnor.<\/p>\n<p>De beskrivs som enskilda tragedier.<\/p>\n<p>Kan ske \u00f6verallt<\/p>\n<p>Som att vi inte redan vet att jultider, n\u00e4r relationer s\u00e4tts p\u00e5 prov och alkohol och ensamhet m\u00f6ts, inneb\u00e4r fler m\u00e4n som uts\u00e4tter kvinnor f\u00f6r v\u00e5ld. Det spelar ingen roll var du \u00e4r. Eller vem du \u00e4r. Det h\u00e4nder p\u00e5 krogen. P\u00e5 v\u00e4gen hem fr\u00e5n jobbet. I ditt eget hem eller ibland i din egen s\u00e4ng.<\/p>\n<p>Inf\u00f6r helgerna fylls fl\u00f6dena med telefonnummer till jourer och hur du kan skydda dig sj\u00e4lv. Kvinnor varnar kvinnor. Uppmaningar om att m\u00e4n ska prata med m\u00e4n.<\/p>\n<p>Strax innan jul gick jag sj\u00e4lv p\u00e5 en feministisk sj\u00e4lvf\u00f6rsvarskurs efter att ha blivit aggressivt fasth\u00e5llen ute efter en bar.<\/p>\n<p>Vi tr\u00e4nade p\u00e5 att skrika<\/p>\n<p>Vi tr\u00e4nade p\u00e5 grepp och hur man tar sig loss. Hur man ska skrika och hur man kan sparka. Och visst gav det en k\u00e4nsla av kontroll.<\/p>\n<p>Men en annan medvetenhet tr\u00e4ngde sig pl\u00f6tsligt fram. N\u00e4r n\u00e5gon \u00e4r dubbelt s\u00e5 stark och hela kroppsvikten pressar mot din hals finns inga tekniker som kan f\u00f6rhindra att lufttillf\u00f6rseln stryps. Det g\u00e5r inte att andas.<\/p>\n<p>Ingen kurs i v\u00e4rlden \u00e4ndrar p\u00e5 det.<\/p>\n<p>En kvinna p\u00e5 kursen var tvungen att avbryta och brast ut i okontrollerbar gr\u00e5t. Hennes kropp mindes saker. Hennes erfarenheter beh\u00f6vde inte omtalas f\u00f6r att bli begripliga.<\/p>\n<p>V\u00e4gar fr\u00e5n v\u00e5ldet<\/p>\n<p>Att ta sig ur en v\u00e5ldsam relation kr\u00e4ver mycket mer \u00e4n mod. Det handlar om pengar, n\u00e4tverk, barn, bostad. Om att bli trodd och att ha n\u00e5gonstans att ta v\u00e4gen.<\/p>\n<p>F\u00f6r att bli fri m\u00e5ste det finnas v\u00e4gar bort fr\u00e5n v\u00e5ldet. Men f\u00f6r en del finns n\u00e4stan inte de v\u00e4garna. F\u00f6r den som tvingas jobba deltid eller har visstidsjobb. F\u00f6r den som bor tr\u00e5ngt eller inte har r\u00e5d att flytta. Eller \u00e4r livr\u00e4dd f\u00f6r att beh\u00f6va klara av livet sj\u00e4lv.<\/p>\n<p>Det l\u00f6ser sig inte genom att kvinnor pratar med kvinnor. Eller att m\u00e4n pratar med m\u00e4n. Det kr\u00e4vs politik.<\/p>\n<p>N\u00e4r socialtj\u00e4nsten m\u00f6ter v\u00e5ldsutsatta \u00e4r deras uppgift att g\u00f6ra allt i sin makt f\u00f6r att f\u00f6rhindra n\u00e5gons d\u00f6d. Men deras makt slutar d\u00e4r pengarna tar slut. Samma sak g\u00e4ller psykiatrin.<\/p>\n<p>G\u00e5r inte fria<\/p>\n<p>Mamman till mannen som misst\u00e4nkts m\u00f6rdat kvinnan i Boden beskrev hur desperat de f\u00f6rs\u00f6kte f\u00e5 v\u00e5rd f\u00f6r hans psykiska problem. Hur besviken hon \u00e4r p\u00e5 v\u00e5rden f\u00f6r att de sl\u00e4ppte hennes son n\u00e4r han beh\u00f6vde deras hj\u00e4lp.<\/p>\n<p>De tv\u00e5 som tog kvinnornas liv kommer aldrig att g\u00e5 fria fr\u00e5n ansvar.<\/p>\n<p>Men kan en regering som vet att det inte r\u00f6r sig om enskilda tragedier, och som \u00e4nd\u00e5 l\u00e5ter psykiatrin och socialtj\u00e4nsten arbeta p\u00e5 kn\u00e4na, verkligen l\u00e5tsas bli f\u00f6rv\u00e5nad n\u00e4r n\u00e4sta psykiskt sjuke man d\u00f6dar?<\/p>\n<p>Jag tycker inte det.<\/p>\n<ul class=\"ContentItemList-items\">\n<p>\t\t\t\t\t<a href=\"https:\/\/arbetet.se\/2025\/10\/24\/det-ar-sjukt-att-en-asikt-lockar-fram-hundratals-aggressiva-man\/\" class=\"Teaser Teaser--listItem Teaser--horizontal Teaser--mediaLeft Teaser--opinionPiece Teaser--post Teaser--featuredContributor\" data-action=\"event#click\" data-content-item-id=\"1437352\" data-content-item-type=\"post\" data-content-item-variant=\"opinionPiece\" data-event-name=\"teaser_click\" data-event-data=\"{&quot;includeContentItemData&quot;:true}\" data-content-item-category=\"Ledare\" data-content-item-author=\"Hanna \u00d6steby\" rel=\"nofollow noopener\" target=\"_blank\"><\/p>\n<p>\t\t\t\tHanna \u00d6steby: Det \u00e4r sjukt att en \u00e5sikt lockar fram hundratals aggressiva m\u00e4n\t<\/p>\n<p><\/a><\/p>\n<p>\t\t\t\t\t<a href=\"https:\/\/arbetet.se\/2025\/12\/22\/jan-emanuels-darkorning-bevisar-att-rika-kan-kopa-sig-fria-fran-straff\/\" class=\"Teaser Teaser--listItem Teaser--horizontal Teaser--mediaLeft Teaser--opinionPiece Teaser--post Teaser--featuredContributor\" data-action=\"event#click\" data-content-item-id=\"1445672\" data-content-item-type=\"post\" data-content-item-variant=\"opinionPiece\" data-event-name=\"teaser_click\" data-event-data=\"{&quot;includeContentItemData&quot;:true}\" data-content-item-category=\"Ledare\" data-content-item-author=\"Hanna \u00d6steby\" rel=\"nofollow noopener\" target=\"_blank\"><\/p>\n<p>\t\t\t\tHanna \u00d6steby: Jan Emanuel bevisar att rika kan k\u00f6pa sig fria\t<\/p>\n<p><\/a><\/p>\n<\/ul>\n","protected":false},"excerpt":{"rendered":"Inget feministiskt sj\u00e4lvf\u00f6rsvar i v\u00e4rlden tar bort risken att han d\u00f6dar dig. Sn\u00f6n f\u00f6ll f\u00f6rst p\u00e5 ny\u00e5rsnatten. Men&hellip;\n","protected":false},"author":2,"featured_media":133924,"comment_status":"","ping_status":"","sticky":false,"template":"","format":"standard","meta":{"footnotes":""},"categories":[12],"tags":[22,23,26,27,17,21,24,25,28,29,15,16,18,34,31,33,32,30,19,20],"class_list":{"0":"post-133923","1":"post","2":"type-post","3":"status-publish","4":"format-standard","5":"has-post-thumbnail","7":"category-sverige","8":"tag-breaking-news","9":"tag-breakingnews","10":"tag-featured-news","11":"tag-featurednews","12":"tag-headlines","13":"tag-huvudnyheter","14":"tag-latest-news","15":"tag-latestnews","16":"tag-main-news","17":"tag-mainnews","18":"tag-news","19":"tag-nyheter","20":"tag-rubriker","21":"tag-se","22":"tag-svenska","23":"tag-sverige","24":"tag-sweden","25":"tag-swedish","26":"tag-top-stories","27":"tag-topstories"},"share_on_mastodon":{"url":"https:\/\/pubeurope.com\/@se\/115886402036163278","error":""},"_links":{"self":[{"href":"https:\/\/www.europesays.com\/se\/wp-json\/wp\/v2\/posts\/133923","targetHints":{"allow":["GET"]}}],"collection":[{"href":"https:\/\/www.europesays.com\/se\/wp-json\/wp\/v2\/posts"}],"about":[{"href":"https:\/\/www.europesays.com\/se\/wp-json\/wp\/v2\/types\/post"}],"author":[{"embeddable":true,"href":"https:\/\/www.europesays.com\/se\/wp-json\/wp\/v2\/users\/2"}],"replies":[{"embeddable":true,"href":"https:\/\/www.europesays.com\/se\/wp-json\/wp\/v2\/comments?post=133923"}],"version-history":[{"count":0,"href":"https:\/\/www.europesays.com\/se\/wp-json\/wp\/v2\/posts\/133923\/revisions"}],"wp:featuredmedia":[{"embeddable":true,"href":"https:\/\/www.europesays.com\/se\/wp-json\/wp\/v2\/media\/133924"}],"wp:attachment":[{"href":"https:\/\/www.europesays.com\/se\/wp-json\/wp\/v2\/media?parent=133923"}],"wp:term":[{"taxonomy":"category","embeddable":true,"href":"https:\/\/www.europesays.com\/se\/wp-json\/wp\/v2\/categories?post=133923"},{"taxonomy":"post_tag","embeddable":true,"href":"https:\/\/www.europesays.com\/se\/wp-json\/wp\/v2\/tags?post=133923"}],"curies":[{"name":"wp","href":"https:\/\/api.w.org\/{rel}","templated":true}]}}