{"id":133925,"date":"2026-01-13T06:37:23","date_gmt":"2026-01-13T06:37:23","guid":{"rendered":"https:\/\/www.europesays.com\/se\/133925\/"},"modified":"2026-01-13T06:37:23","modified_gmt":"2026-01-13T06:37:23","slug":"schemat-for-vecka-3-frolunda-hc","status":"publish","type":"post","link":"https:\/\/www.europesays.com\/se\/133925\/","title":{"rendered":"Schemat f\u00f6r vecka 3 | Fr\u00f6lunda HC"},"content":{"rendered":"<p class=\"paragraph text-left\"> Herrlaget b\u00f6rjar veckan med en riktig h\u00f6jdare, CHL-semi 1 mot Bryn\u00e4s i G\u00e4vle p\u00e5 tisdag. Returen spelas i Fr\u00f6lundaborg tisdagen den 20 januari. <a target=\"_blank\" href=\"https:\/\/fhc.tmtickets.se\/EDP\/Event\/Index\/338?position=3\" rel=\"nofollow noopener\">Biljetter till semi 2:2 g\u00e5r att k\u00f6pa via den h\u00e4r l\u00e4nken.<\/a>\u00a0Fr\u00e5n G\u00e4vle \u00e5ker herrlaget direkt till torsdagens bortamatch mot Timr\u00e5 och d\u00e4rifr\u00e5n till Stockholm f\u00f6r m\u00f6tet med Djurg\u00e5rden p\u00e5 l\u00f6rdag. <\/p>\n<p class=\"paragraph text-left\"> Damlaget spelar tv\u00e5 matcher den h\u00e4r veckan, Lule\u00e5 p\u00e5 torsdag och Skellefte\u00e5 p\u00e5 fredag, b\u00e5da i Fr\u00f6lundaborg. <a target=\"_blank\" href=\"https:\/\/fhc.tmtickets.se\/Events?preFilter=4&amp;preFilterName=SDHL\" rel=\"nofollow noopener\">Biljetter till SDHL-matcherna g\u00e5r att k\u00f6pa via den h\u00e4r l\u00e4nken.<\/a> <\/p>\n<p class=\"paragraph text-left\"> <a target=\"_blank\" href=\"https:\/\/fhc.tmtickets.se\/Events?preFilter=4&amp;preFilterName=SDHL\" rel=\"nofollow noopener\"><strong>Schema damlag:<br \/><\/strong>M\u00e5ndag 12 januari: Ledigt.<br \/>Tisdag 13 januari: Fr\u00f6lundaborg, 15.00.<br \/>Onsdag 14 januari: Slottsskogens ishall, 08.30.<br \/>Torsdag 15 januari: Fr\u00f6lunda-Lule\u00e5, Fr\u00f6lundaborg, 19.00.<br \/>Fredag 16 januari: Fr\u00f6lunda-Skellefte\u00e5, Fr\u00f6lundaborg, 19.00.<br \/>L\u00f6rdag 17 januari: Ledigt.<br \/>S\u00f6ndag 18 januari: Ledigt. <\/p>\n<p class=\"paragraph text-left\"> <strong>Schema herrlag:<br \/><\/strong>M\u00e5ndag 12 januari: Fr\u00f6lundaborg, 10.15.<br \/>Tisdag 13 januari: Bryn\u00e4s-Fr\u00f6lunda, 19.00 (CHL-semifinal 1).<br \/>Onsdag 14 januari: G\u00e4vle, 12.15.<br \/>Torsdag 15 januari: Timr\u00e5-Fr\u00f6lunda, 19.00.<br \/>Fredag 17 januari: Timr\u00e5, 11.00.<br \/>L\u00f6rdag 17 januari: Djurg\u00e5rden-Fr\u00f6lunda, 15.15.<br \/>S\u00f6ndag 18 januari: Ledigt.\u00a0 <\/p>\n","protected":false},"excerpt":{"rendered":"Herrlaget b\u00f6rjar veckan med en riktig h\u00f6jdare, CHL-semi 1 mot Bryn\u00e4s i G\u00e4vle p\u00e5 tisdag. Returen spelas i&hellip;\n","protected":false},"author":2,"featured_media":133926,"comment_status":"","ping_status":"","sticky":false,"template":"","format":"standard","meta":{"footnotes":""},"categories":[68],"tags":[34,111,110,31,33,32,30],"class_list":{"0":"post-133925","1":"post","2":"type-post","3":"status-publish","4":"format-standard","5":"has-post-thumbnail","7":"category-sport","8":"tag-se","9":"tag-sport","10":"tag-sports","11":"tag-svenska","12":"tag-sverige","13":"tag-sweden","14":"tag-swedish"},"share_on_mastodon":{"url":"https:\/\/pubeurope.com\/@se\/115886413779160555","error":""},"_links":{"self":[{"href":"https:\/\/www.europesays.com\/se\/wp-json\/wp\/v2\/posts\/133925","targetHints":{"allow":["GET"]}}],"collection":[{"href":"https:\/\/www.europesays.com\/se\/wp-json\/wp\/v2\/posts"}],"about":[{"href":"https:\/\/www.europesays.com\/se\/wp-json\/wp\/v2\/types\/post"}],"author":[{"embeddable":true,"href":"https:\/\/www.europesays.com\/se\/wp-json\/wp\/v2\/users\/2"}],"replies":[{"embeddable":true,"href":"https:\/\/www.europesays.com\/se\/wp-json\/wp\/v2\/comments?post=133925"}],"version-history":[{"count":0,"href":"https:\/\/www.europesays.com\/se\/wp-json\/wp\/v2\/posts\/133925\/revisions"}],"wp:featuredmedia":[{"embeddable":true,"href":"https:\/\/www.europesays.com\/se\/wp-json\/wp\/v2\/media\/133926"}],"wp:attachment":[{"href":"https:\/\/www.europesays.com\/se\/wp-json\/wp\/v2\/media?parent=133925"}],"wp:term":[{"taxonomy":"category","embeddable":true,"href":"https:\/\/www.europesays.com\/se\/wp-json\/wp\/v2\/categories?post=133925"},{"taxonomy":"post_tag","embeddable":true,"href":"https:\/\/www.europesays.com\/se\/wp-json\/wp\/v2\/tags?post=133925"}],"curies":[{"name":"wp","href":"https:\/\/api.w.org\/{rel}","templated":true}]}}