{"id":133929,"date":"2026-01-13T06:42:21","date_gmt":"2026-01-13T06:42:21","guid":{"rendered":"https:\/\/www.europesays.com\/se\/133929\/"},"modified":"2026-01-13T06:42:21","modified_gmt":"2026-01-13T06:42:21","slug":"pilotprojekt-ska-bana-vag-for-cirkulart-byggande","status":"publish","type":"post","link":"https:\/\/www.europesays.com\/se\/133929\/","title":{"rendered":"Pilotprojekt ska bana v\u00e4g f\u00f6r cirkul\u00e4rt byggande"},"content":{"rendered":"<p>Praktisk \u00f6vning p\u00e5 L\u00e4v\u00e4gen<\/p>\n<p class=\"normal\">Arbetsgruppen deltog under f\u00f6rmiddagen i en \u00f6vning d\u00e5 de gick runt och inventerade n\u00e5gra av l\u00e4genheterna p\u00e5 L\u00e4v\u00e4gen genom att v\u00e4lja ut specifika objekt i l\u00e4genheterna och sen v\u00e4rdera respektive objekt utifr\u00e5n ett antal bed\u00f6mningskriterier som konsulterna tagit fram. Objekt som v\u00e4rderades var till exempel porslin i badrummet, allts\u00e5 toalettstol och handfat. Annat som v\u00e4rderades var vitvaror som kyl och frys, fast belysning, innerd\u00f6rrar, golv, kapphyllor, blandare med mera.<\/p>\n<p class=\"normal\">\u2013 Vi vill bjuda in till ett nytt s\u00e4tt att t\u00e4nka, hitta en ny utg\u00e5ngspunkt som vi sen tar vidare och diskuterar i efterkommande workshop, ber\u00e4ttar Jelena Mijanovic, konsult fr\u00e5n Ramboll.<\/p>\n<p class=\"normal\">\u2013 En fr\u00e5ga som \u00e4r bra att st\u00e4lla sig \u00e4r \u201dskulle jag sj\u00e4lv vilja anv\u00e4nda denna produkt hemma hos mig?\u201d. Det blir en kontrollfr\u00e5ga som g\u00f6r det enklare att se vad som faktiskt \u00e4r rimligt att \u00e5terbruka, ber\u00e4ttar Oscar Wicksell, ocks\u00e5 konsult fr\u00e5n Ramboll.<\/p>\n<p class=\"normal\">Denna inventerings- och bed\u00f6mnings\u00f6vning hade som syfte att kunna anv\u00e4ndas som ett underlag till fortsatt diskussion i hur man skulle kunna arbeta mer strukturerat med \u00e5terbruk vid renovering eller rivning inom Lule\u00e5 kommun. Hela arbetsgruppen deltog sedan i en workshop p\u00e5 eftermiddagen d\u00e4r de diskuterade den genomf\u00f6rda inventeringen och vilket som \u00e4r n\u00e4sta steg f\u00f6r att ett \u00f6kat \u00e5terbruk ska kunna ske. Gruppen gjorde dagen efter \u00e4ven ett bes\u00f6k och en liknande \u00f6vning inf\u00f6r rivningen av Stads\u00f6skolan som \u00e4r en annan pilot i projektet.<\/p>\n<p class=\"normal\">\u2013 Vi tittar nu gemensamt p\u00e5 vad vi beh\u00f6ver \u00e4ndra i v\u00e5ra processer och arbetss\u00e4tt f\u00f6r att \u00f6ka \u00e5terbruket och g\u00e5 \u00f6ver till ett mer cirkul\u00e4rt t\u00e4nkande, ber\u00e4ttar Johanna Hedqvist som samordnar arbetet i TNC Buildings p\u00e5 Lule\u00e5 kommun.<\/p>\n","protected":false},"excerpt":{"rendered":"Praktisk \u00f6vning p\u00e5 L\u00e4v\u00e4gen Arbetsgruppen deltog under f\u00f6rmiddagen i en \u00f6vning d\u00e5 de gick runt och inventerade n\u00e5gra&hellip;\n","protected":false},"author":2,"featured_media":133930,"comment_status":"","ping_status":"","sticky":false,"template":"","format":"standard","meta":{"footnotes":""},"categories":[12],"tags":[22,23,26,27,17,21,24,25,28,29,15,16,18,34,31,33,32,30,19,20],"class_list":{"0":"post-133929","1":"post","2":"type-post","3":"status-publish","4":"format-standard","5":"has-post-thumbnail","7":"category-sverige","8":"tag-breaking-news","9":"tag-breakingnews","10":"tag-featured-news","11":"tag-featurednews","12":"tag-headlines","13":"tag-huvudnyheter","14":"tag-latest-news","15":"tag-latestnews","16":"tag-main-news","17":"tag-mainnews","18":"tag-news","19":"tag-nyheter","20":"tag-rubriker","21":"tag-se","22":"tag-svenska","23":"tag-sverige","24":"tag-sweden","25":"tag-swedish","26":"tag-top-stories","27":"tag-topstories"},"share_on_mastodon":{"url":"https:\/\/pubeurope.com\/@se\/115886433450340036","error":""},"_links":{"self":[{"href":"https:\/\/www.europesays.com\/se\/wp-json\/wp\/v2\/posts\/133929","targetHints":{"allow":["GET"]}}],"collection":[{"href":"https:\/\/www.europesays.com\/se\/wp-json\/wp\/v2\/posts"}],"about":[{"href":"https:\/\/www.europesays.com\/se\/wp-json\/wp\/v2\/types\/post"}],"author":[{"embeddable":true,"href":"https:\/\/www.europesays.com\/se\/wp-json\/wp\/v2\/users\/2"}],"replies":[{"embeddable":true,"href":"https:\/\/www.europesays.com\/se\/wp-json\/wp\/v2\/comments?post=133929"}],"version-history":[{"count":0,"href":"https:\/\/www.europesays.com\/se\/wp-json\/wp\/v2\/posts\/133929\/revisions"}],"wp:featuredmedia":[{"embeddable":true,"href":"https:\/\/www.europesays.com\/se\/wp-json\/wp\/v2\/media\/133930"}],"wp:attachment":[{"href":"https:\/\/www.europesays.com\/se\/wp-json\/wp\/v2\/media?parent=133929"}],"wp:term":[{"taxonomy":"category","embeddable":true,"href":"https:\/\/www.europesays.com\/se\/wp-json\/wp\/v2\/categories?post=133929"},{"taxonomy":"post_tag","embeddable":true,"href":"https:\/\/www.europesays.com\/se\/wp-json\/wp\/v2\/tags?post=133929"}],"curies":[{"name":"wp","href":"https:\/\/api.w.org\/{rel}","templated":true}]}}