{"id":133931,"date":"2026-01-13T06:45:23","date_gmt":"2026-01-13T06:45:23","guid":{"rendered":"https:\/\/www.europesays.com\/se\/133931\/"},"modified":"2026-01-13T06:45:23","modified_gmt":"2026-01-13T06:45:23","slug":"okande-svensken-kvalade-in-till-liv-touren-vasterbottens-kuriren","status":"publish","type":"post","link":"https:\/\/www.europesays.com\/se\/133931\/","title":{"rendered":"Ok\u00e4nde svensken kvalade in till LIV-touren &#8211; V\u00e4sterbottens-Kuriren"},"content":{"rendered":"<ol>\n<li><a href=\"https:\/\/news.google.com\/rss\/articles\/CBMigwFBVV95cUxOV3FmQ2pJVDF4Sl85VTY1b0pJM0E3NFFuZ2Fnb1V6Wk5pdm8zVExrVk8xRUlIRVpCOTVpSWRBVTJad3h5d1BYdTVBWU9qQ2huM0hicTFHb0NwT0Y0NVRUZzE3MVNMdDVmVVFhUko2UGluSDJ4VGJDOWJ3REhoMGJkVXlJRQ?oc=5\" target=\"_blank\" rel=\"nofollow noopener\">Ok\u00e4nde svensken kvalade in till LIV-touren<\/a>&nbsp;&nbsp;V\u00e4sterbottens-Kuriren<\/li>\n<li><a href=\"https:\/\/news.google.com\/rss\/articles\/CBMimwFBVV95cUxOeDlFRnJfSXhEcW8wM1B2VVV3NlRxWHRWLTQyRHE4dkpSby1YV0ZqT3U1NEhYOHFmVXRLbWRMQzM1UmRJY2cyUC1LSFllcWZBaHVDQ2s2OERmdWlLcjRieEpXLWF6NXU2R2doQmlDRVBvVHA5bHd4OVk1R2RrVy1ncFowNkY4N1VsTXhBbEFIUl9fYVZRUXMzTUNQQQ?oc=5\" target=\"_blank\" rel=\"nofollow noopener\">Svensk klar f\u00f6r LIV-touren<\/a>&nbsp;&nbsp;Aftonbladet<\/li>\n<li><a href=\"https:\/\/news.google.com\/rss\/articles\/CBMipAFBVV95cUxPTmU3TlF5T2JtMUpEQzBTYmNBQ0lYTGhUMUcwemlyS0NCYXhSTko5cFQ5bDNPeEhYR2JYTzZhR3JZTzh0VHBCNDBzR2pIcXR4V0tVcmd6NFpRUjNsay1vNXBDNWJBejJMdTlnMjNRamJPSGZPOXBfSHlxSWxBNlNqN2tLc19IVUNrdkN0YWJJMmlTVU1jalpiQjR4RkNKeUczZ3F1cw?oc=5\" target=\"_blank\" rel=\"nofollow noopener\">Svenskens succ\u00e9 i kvalet: \u201dLivet kan f\u00f6r\u00e4ndras p\u00e5 bara n\u00e5gra veckor\u201d<\/a>&nbsp;&nbsp;Sveriges Radio<\/li>\n<li><a href=\"https:\/\/news.google.com\/rss\/articles\/CBMifEFVX3lxTE4tWG93eW8zS3g5TGw1V3N3bWlvbzNDQmNZLWRyeXlGWnZZcm0yc1BsU240ZWctbGxiYVZKX2tNN2E4MGhUVnhpX2Y2cWdpZENHMV9YSGxlX2I2YkFXTmtULUNRYXNkTm5rUmNiRkZQNkpPekI2clJBekkzT2o?oc=5\" target=\"_blank\" rel=\"nofollow noopener\">Golf: Ok\u00e4nde svensken kvalade in till LIV-touren<\/a>&nbsp;&nbsp;SVT Nyheter<\/li>\n<li><a href=\"https:\/\/news.google.com\/rss\/articles\/CBMiggFBVV95cUxNOGVlZTFGWkcxcjE5aG9NMFEtZWkwbDg4SGJtZEhNS0NHSWNnRXVWNjl4UXlGSFJ4S2lEWkhBdTJNQ2RhNkVHeEhWb05CdHlwSktqaDhMdkFmMHo1bFBzN1FRTDc4MUwxUHZZZWtqMW9LYlQ5U0NNcVdmM2M3WTlwLVpn?oc=5\" target=\"_blank\" rel=\"nofollow noopener\">V\u00e4ster\u00e5sarens storknall: \u201dKommer f\u00f6r\u00e4ndra v\u00e5ra liv\u201d<\/a>&nbsp;&nbsp;VLT<\/li>\n<\/ol>\n","protected":false},"excerpt":{"rendered":"Ok\u00e4nde svensken kvalade in till LIV-touren&nbsp;&nbsp;V\u00e4sterbottens-Kuriren Svensk klar f\u00f6r LIV-touren&nbsp;&nbsp;Aftonbladet Svenskens succ\u00e9 i kvalet: \u201dLivet kan f\u00f6r\u00e4ndras p\u00e5&hellip;\n","protected":false},"author":2,"featured_media":133932,"comment_status":"","ping_status":"","sticky":false,"template":"","format":"standard","meta":{"footnotes":""},"categories":[68],"tags":[34,111,110,31,33,32,30],"class_list":{"0":"post-133931","1":"post","2":"type-post","3":"status-publish","4":"format-standard","5":"has-post-thumbnail","7":"category-sport","8":"tag-se","9":"tag-sport","10":"tag-sports","11":"tag-svenska","12":"tag-sverige","13":"tag-sweden","14":"tag-swedish"},"share_on_mastodon":{"url":"https:\/\/pubeurope.com\/@se\/115886445197052614","error":""},"_links":{"self":[{"href":"https:\/\/www.europesays.com\/se\/wp-json\/wp\/v2\/posts\/133931","targetHints":{"allow":["GET"]}}],"collection":[{"href":"https:\/\/www.europesays.com\/se\/wp-json\/wp\/v2\/posts"}],"about":[{"href":"https:\/\/www.europesays.com\/se\/wp-json\/wp\/v2\/types\/post"}],"author":[{"embeddable":true,"href":"https:\/\/www.europesays.com\/se\/wp-json\/wp\/v2\/users\/2"}],"replies":[{"embeddable":true,"href":"https:\/\/www.europesays.com\/se\/wp-json\/wp\/v2\/comments?post=133931"}],"version-history":[{"count":0,"href":"https:\/\/www.europesays.com\/se\/wp-json\/wp\/v2\/posts\/133931\/revisions"}],"wp:featuredmedia":[{"embeddable":true,"href":"https:\/\/www.europesays.com\/se\/wp-json\/wp\/v2\/media\/133932"}],"wp:attachment":[{"href":"https:\/\/www.europesays.com\/se\/wp-json\/wp\/v2\/media?parent=133931"}],"wp:term":[{"taxonomy":"category","embeddable":true,"href":"https:\/\/www.europesays.com\/se\/wp-json\/wp\/v2\/categories?post=133931"},{"taxonomy":"post_tag","embeddable":true,"href":"https:\/\/www.europesays.com\/se\/wp-json\/wp\/v2\/tags?post=133931"}],"curies":[{"name":"wp","href":"https:\/\/api.w.org\/{rel}","templated":true}]}}