{"id":133935,"date":"2026-01-13T06:50:19","date_gmt":"2026-01-13T06:50:19","guid":{"rendered":"https:\/\/www.europesays.com\/se\/133935\/"},"modified":"2026-01-13T06:50:19","modified_gmt":"2026-01-13T06:50:19","slug":"staffanstorp-vagrade-ta-emot-kvotflyktingar-kommunpolitiker-riskerar-fangelse","status":"publish","type":"post","link":"https:\/\/www.europesays.com\/se\/133935\/","title":{"rendered":"Staffanstorp v\u00e4grade ta emot kvotflyktingar \u2013 kommunpolitiker riskerar f\u00e4ngelse"},"content":{"rendered":"<p>P\u00e5 morgonen den 17 mars 2022 meddelade en enhetschef p\u00e5 Staffanstorps kommun kommunstyrelsens ordf\u00f6rande Christian Sonesson (M) att kommunen anvisats fyra kvotflyktingar fr\u00e5n Syrien som skulle anl\u00e4nda knappt tv\u00e5 m\u00e5nader senare. 14 minuter senare kom beskedet fr\u00e5n Sonesson: \u201dV\u00e4gra ta emot dem!\u201d.<\/p>\n<p>Samma dag kallade han kommunstyrelsen till ett m\u00f6te f\u00f6r att besluta om att v\u00e4gra ta emot kvotflyktingar f\u00f6r att ist\u00e4llet koncentrera resurserna p\u00e5 flyktingar fr\u00e5n Ukraina \u2013 ett f\u00f6rslag som r\u00f6stades igenom.<\/p>\n<p>F\u00e4ngelse i straffskalan<\/p>\n<p>N\u00e4r flyktingfamiljen anl\u00e4nde till Malm\u00f6 airport den 12 maj samma \u00e5r var det ingen som tog emot dem och s\u00e5 sm\u00e5ningom anvisades de till en annan kommun.<\/p>\n<p>Tidigare i \u00e5r slog hovr\u00e4tten fast att beslutet var diskriminerande men enligt \u00e5klagare Magdalena Petersson har politikerna dessutom gjort sig skyldiga till brott n\u00e4r de fattat det. Nu st\u00e4lls sex politiker inf\u00f6r r\u00e4tta f\u00f6r grovt tj\u00e4nstefel, ett brott som kan ge upp till sex \u00e5rs f\u00e4ngelse.<\/p>\n<p>R\u00f6stade nej \u2013 \u00e5talas \u00e4nd\u00e5<\/p>\n<p>De \u00e5talade representerar Moderaterna, Sverigedemokraterna och Centerpartiet. Fem av dem r\u00f6stade ja till f\u00f6rslaget och en, centerpartisten, r\u00f6stade nej, men utan att reservera sig mot beslutet. <\/p>\n<p>\u2013 De tilltalade har allvarligt missbrukat sin st\u00e4llning som kommunpolitiker. Det har dessutom f\u00e5tt konsekvenser b\u00e5de f\u00f6r enskilda individer och f\u00f6r det allm\u00e4nna, sa kammar\u00e5klagare Magdalena Petersson i ett pressmeddelande i samband med \u00e5talet.<\/p>\n<p>Enligt \u00e5klagaren \u00e4r omr\u00e5det opr\u00f6vat.<\/p>\n<p>\u2013 S\u00e5vitt jag k\u00e4nner till finns inga tidigare domar p\u00e5 omr\u00e5det, s\u00e4ger Magdalena Petersson.<\/p>\n<p>Men Lars Kruse, f\u00f6rsvarsadvokat till Christian Sonesson, menar att beslutet var ogiltigt och d\u00e4rf\u00f6r inte samtidigt kan vara olagligt.<\/p>\n<p>Samtliga sex \u00e5talade nekar till brott. R\u00e4tteg\u00e5ngen varar i fyra dagar.<\/p>\n","protected":false},"excerpt":{"rendered":"P\u00e5 morgonen den 17 mars 2022 meddelade en enhetschef p\u00e5 Staffanstorps kommun kommunstyrelsens ordf\u00f6rande Christian Sonesson (M) att&hellip;\n","protected":false},"author":2,"featured_media":133936,"comment_status":"","ping_status":"","sticky":false,"template":"","format":"standard","meta":{"footnotes":""},"categories":[12],"tags":[22,23,26,27,17,21,24,25,28,29,15,16,18,34,31,33,32,30,19,20],"class_list":{"0":"post-133935","1":"post","2":"type-post","3":"status-publish","4":"format-standard","5":"has-post-thumbnail","7":"category-sverige","8":"tag-breaking-news","9":"tag-breakingnews","10":"tag-featured-news","11":"tag-featurednews","12":"tag-headlines","13":"tag-huvudnyheter","14":"tag-latest-news","15":"tag-latestnews","16":"tag-main-news","17":"tag-mainnews","18":"tag-news","19":"tag-nyheter","20":"tag-rubriker","21":"tag-se","22":"tag-svenska","23":"tag-sverige","24":"tag-sweden","25":"tag-swedish","26":"tag-top-stories","27":"tag-topstories"},"share_on_mastodon":{"url":"https:\/\/pubeurope.com\/@se\/115886464882505939","error":""},"_links":{"self":[{"href":"https:\/\/www.europesays.com\/se\/wp-json\/wp\/v2\/posts\/133935","targetHints":{"allow":["GET"]}}],"collection":[{"href":"https:\/\/www.europesays.com\/se\/wp-json\/wp\/v2\/posts"}],"about":[{"href":"https:\/\/www.europesays.com\/se\/wp-json\/wp\/v2\/types\/post"}],"author":[{"embeddable":true,"href":"https:\/\/www.europesays.com\/se\/wp-json\/wp\/v2\/users\/2"}],"replies":[{"embeddable":true,"href":"https:\/\/www.europesays.com\/se\/wp-json\/wp\/v2\/comments?post=133935"}],"version-history":[{"count":0,"href":"https:\/\/www.europesays.com\/se\/wp-json\/wp\/v2\/posts\/133935\/revisions"}],"wp:featuredmedia":[{"embeddable":true,"href":"https:\/\/www.europesays.com\/se\/wp-json\/wp\/v2\/media\/133936"}],"wp:attachment":[{"href":"https:\/\/www.europesays.com\/se\/wp-json\/wp\/v2\/media?parent=133935"}],"wp:term":[{"taxonomy":"category","embeddable":true,"href":"https:\/\/www.europesays.com\/se\/wp-json\/wp\/v2\/categories?post=133935"},{"taxonomy":"post_tag","embeddable":true,"href":"https:\/\/www.europesays.com\/se\/wp-json\/wp\/v2\/tags?post=133935"}],"curies":[{"name":"wp","href":"https:\/\/api.w.org\/{rel}","templated":true}]}}