{"id":133937,"date":"2026-01-13T06:51:16","date_gmt":"2026-01-13T06:51:16","guid":{"rendered":"https:\/\/www.europesays.com\/se\/133937\/"},"modified":"2026-01-13T06:51:16","modified_gmt":"2026-01-13T06:51:16","slug":"uppgifter-trump-lutar-at-attack-mot-iran-aftonbladet","status":"publish","type":"post","link":"https:\/\/www.europesays.com\/se\/133937\/","title":{"rendered":"Uppgifter: Trump lutar \u00e5t attack mot Iran &#8211; Aftonbladet"},"content":{"rendered":"<ol>\n<li><a href=\"https:\/\/news.google.com\/rss\/articles\/CBMisAFBVV95cUxQZFJCOFhIWW12am1nZ2VBTWVvS2Z6Q0dyX0NObE9LM0lqVnhjcERUdlhwNHRQRGpmWG5iTGFDTkpldU83MWlreU9CVjA2MldsRFJCVTZlUjZFd0E3R3d1TE9uQ2dKdVBqVzdhSVlRbFdQeWlHbmpPM0x2dHJQX0tGdk1TQ2FUcC1IUmlaUF9ZUnNVanRHUzdiV00wU0NRNkVHWmxOdjkxRjRKWUp3R0J6Zw?oc=5\" target=\"_blank\" rel=\"nofollow noopener\">Uppgifter: Trump lutar \u00e5t attack mot Iran<\/a>&nbsp;&nbsp;Aftonbladet<\/li>\n<li><a href=\"https:\/\/news.google.com\/rss\/articles\/CBMiowFBVV95cUxOamxTZklTb3hZWU1GOVF1N2VhUHE0eXgxOTJWNVZoWndNYzRTeUowVTJ1TjR6N0VUeUxqWVd3aGF4LXNUOFpvLVRpYjNVczZ3SnpidWhIWUx2TUNUOF9BUk4yLVF3NVpHNEtZTE9aV3M5T3l4ZDV0X0JpdWFaMzI1blpMVHBkOVNvYVNEQ05LR3VXOGZUaWV5SENxMy1ZNWh1UnE4?oc=5\" target=\"_blank\" rel=\"nofollow noopener\">26-\u00e5rige Erfan riskerar avr\u00e4ttning: \u201dDjup oro\u201d<\/a>&nbsp;&nbsp;Aftonbladet<\/li>\n<li><a href=\"https:\/\/news.google.com\/rss\/articles\/CBMif0FVX3lxTE5qbmFrdlFBdHdQSy1jeW1mNzRQR2I5b3ZES2pMcFpaaUhKQkc4M1RFRDBuRklDWmQ5T3ZGT1Vkc09YX0Vzd3ZHdk95dHNzOE5xdTd6WmRiRVJZRkEyVUJTUmRqU2gwb19BUkJzMmNDNUVJYldtY1dxeTVqdGdsRWc?oc=5\" target=\"_blank\" rel=\"nofollow noopener\">K\u00e4llor: Oenighet i Vita huset om Iranattack<\/a>&nbsp;&nbsp;SvD<\/li>\n<li><a href=\"https:\/\/news.google.com\/rss\/articles\/CBMikgFBVV95cUxNQklqX0VvQkUwNy05dEZhdk9NRFREVnNnU3NpVGgxdVJhOXpmSzJlTWFsb2Zua0taRXVXNGpuTllwd0tVM2dpQUItZk9EOFJGMkhXaDlxTFhLZWxHVE5RT1daMFhxNUkyVXMzTGpES19abHluZXE4M3dLLXFOMnliSExGTllXUWw5QXVyMDhEYjZOQQ?oc=5\" target=\"_blank\" rel=\"nofollow noopener\">Amnesty om protesterna i Iran: Anv\u00e4nder jaktammunition<\/a>&nbsp;&nbsp;SVT Nyheter<\/li>\n<li><a href=\"https:\/\/news.google.com\/rss\/articles\/CBMiiwFBVV95cUxNNXRFVTltLXdBc1dUNDBITTkxSEF1dl9xd0daYW5lS2U1VTRKb091am5PcUNOZTZYSGNrcUY2enhIQy1nTlJaOFVrcXVTMXJ4UWsxZlBLR1VzOVZCRUZpMG1NX0hoM3JzQldnU0s4ejJ2ekFvNDl1X1ByNDUwYV9WWVVXSklxUnBNZExJ?oc=5\" target=\"_blank\" rel=\"nofollow noopener\">Notan har anl\u00e4nt f\u00f6r Irans ledare &#8211; historiens pris f\u00f6r f\u00f6rlorade krig \u00e4r h\u00f6gt<\/a>&nbsp;&nbsp;Expressen<\/li>\n<\/ol>\n","protected":false},"excerpt":{"rendered":"Uppgifter: Trump lutar \u00e5t attack mot Iran&nbsp;&nbsp;Aftonbladet 26-\u00e5rige Erfan riskerar avr\u00e4ttning: \u201dDjup oro\u201d&nbsp;&nbsp;Aftonbladet K\u00e4llor: Oenighet i Vita huset&hellip;\n","protected":false},"author":2,"featured_media":133938,"comment_status":"","ping_status":"","sticky":false,"template":"","format":"standard","meta":{"footnotes":""},"categories":[5],"tags":[22,23,26,27,17,21,24,25,28,29,15,16,18,34,31,33,32,30,19,20],"class_list":{"0":"post-133937","1":"post","2":"type-post","3":"status-publish","4":"format-standard","5":"has-post-thumbnail","7":"category-rubriker","8":"tag-breaking-news","9":"tag-breakingnews","10":"tag-featured-news","11":"tag-featurednews","12":"tag-headlines","13":"tag-huvudnyheter","14":"tag-latest-news","15":"tag-latestnews","16":"tag-main-news","17":"tag-mainnews","18":"tag-news","19":"tag-nyheter","20":"tag-rubriker","21":"tag-se","22":"tag-svenska","23":"tag-sverige","24":"tag-sweden","25":"tag-swedish","26":"tag-top-stories","27":"tag-topstories"},"share_on_mastodon":{"url":"https:\/\/pubeurope.com\/@se\/115886468767286788","error":""},"_links":{"self":[{"href":"https:\/\/www.europesays.com\/se\/wp-json\/wp\/v2\/posts\/133937","targetHints":{"allow":["GET"]}}],"collection":[{"href":"https:\/\/www.europesays.com\/se\/wp-json\/wp\/v2\/posts"}],"about":[{"href":"https:\/\/www.europesays.com\/se\/wp-json\/wp\/v2\/types\/post"}],"author":[{"embeddable":true,"href":"https:\/\/www.europesays.com\/se\/wp-json\/wp\/v2\/users\/2"}],"replies":[{"embeddable":true,"href":"https:\/\/www.europesays.com\/se\/wp-json\/wp\/v2\/comments?post=133937"}],"version-history":[{"count":0,"href":"https:\/\/www.europesays.com\/se\/wp-json\/wp\/v2\/posts\/133937\/revisions"}],"wp:featuredmedia":[{"embeddable":true,"href":"https:\/\/www.europesays.com\/se\/wp-json\/wp\/v2\/media\/133938"}],"wp:attachment":[{"href":"https:\/\/www.europesays.com\/se\/wp-json\/wp\/v2\/media?parent=133937"}],"wp:term":[{"taxonomy":"category","embeddable":true,"href":"https:\/\/www.europesays.com\/se\/wp-json\/wp\/v2\/categories?post=133937"},{"taxonomy":"post_tag","embeddable":true,"href":"https:\/\/www.europesays.com\/se\/wp-json\/wp\/v2\/tags?post=133937"}],"curies":[{"name":"wp","href":"https:\/\/api.w.org\/{rel}","templated":true}]}}