{"id":133939,"date":"2026-01-13T06:53:07","date_gmt":"2026-01-13T06:53:07","guid":{"rendered":"https:\/\/www.europesays.com\/se\/133939\/"},"modified":"2026-01-13T06:53:07","modified_gmt":"2026-01-13T06:53:07","slug":"markstrom-segrare-i-svenska-malvaktsduellen","status":"publish","type":"post","link":"https:\/\/www.europesays.com\/se\/133939\/","title":{"rendered":"Markstr\u00f6m segrare i svenska m\u00e5lvaktsduellen"},"content":{"rendered":"<p class=\"sc-c25743f0-0 sc-e37c0145-2 hObFds DQgPn\"><strong>Jacob Markstr\u00f6m tog hem m\u00e5lvaktskampen mot Jesper Wallstedt n\u00e4r New Jersey bortaslog Minnesota med 5\u20132 i nattens NHL.<\/strong><\/p>\n<p class=\"sc-c25743f0-0 sc-e37c0145-2 hObFds DQgPn\"><strong>Samtidigt blev Jesper Bratt tv\u00e5m\u00e5lsskytt.<\/strong><\/p>\n<p class=\"sc-c25743f0-0 sc-e37c0145-2 hObFds DQgPn\">Markstr\u00f6m och Wallstedt kommer att f\u00e5 samsas om Tre Kronor-m\u00e5let n\u00e4r OS-hockeyn b\u00f6rjar n\u00e4sta m\u00e5nad, men i nattens NHL-omg\u00e5ng vaktade de var sin kasse.<\/p>\n<p class=\"sc-c25743f0-0 sc-e37c0145-2 hObFds DQgPn\">Markstr\u00f6m, som sl\u00e4ppte in hela nio m\u00e5l i en match f\u00f6rra veckan, har blandat och gett den senaste tiden. I natt fick han kanske lite av en revansch med en r\u00e4ddningsprocent p\u00e5 strax under 91. Jesper Wallstedt i Minnesotam\u00e5let r\u00e4ddade f\u00f6rvisso fler puckar \u2013 men avslutade matchen p\u00e5 ljumma 82,8 procent.<\/p>\n<p class=\"sc-c25743f0-0 sc-e37c0145-2 hObFds DQgPn\">Matchen stod l\u00e4nge och v\u00e4gde innan New Jerseys Jesper Bratt \u2013 \u00e4ven han OS-uttagen \u2013 satte dubbla m\u00e5l inom loppet av 21 sekunder i tredje perioden. <\/p>\n","protected":false},"excerpt":{"rendered":"Jacob Markstr\u00f6m tog hem m\u00e5lvaktskampen mot Jesper Wallstedt n\u00e4r New Jersey bortaslog Minnesota med 5\u20132 i nattens NHL.&hellip;\n","protected":false},"author":2,"featured_media":133940,"comment_status":"","ping_status":"","sticky":false,"template":"","format":"standard","meta":{"footnotes":""},"categories":[68],"tags":[34,111,110,31,33,32,30],"class_list":{"0":"post-133939","1":"post","2":"type-post","3":"status-publish","4":"format-standard","5":"has-post-thumbnail","7":"category-sport","8":"tag-se","9":"tag-sport","10":"tag-sports","11":"tag-svenska","12":"tag-sverige","13":"tag-sweden","14":"tag-swedish"},"share_on_mastodon":{"url":"https:\/\/pubeurope.com\/@se\/115886476651919463","error":""},"_links":{"self":[{"href":"https:\/\/www.europesays.com\/se\/wp-json\/wp\/v2\/posts\/133939","targetHints":{"allow":["GET"]}}],"collection":[{"href":"https:\/\/www.europesays.com\/se\/wp-json\/wp\/v2\/posts"}],"about":[{"href":"https:\/\/www.europesays.com\/se\/wp-json\/wp\/v2\/types\/post"}],"author":[{"embeddable":true,"href":"https:\/\/www.europesays.com\/se\/wp-json\/wp\/v2\/users\/2"}],"replies":[{"embeddable":true,"href":"https:\/\/www.europesays.com\/se\/wp-json\/wp\/v2\/comments?post=133939"}],"version-history":[{"count":0,"href":"https:\/\/www.europesays.com\/se\/wp-json\/wp\/v2\/posts\/133939\/revisions"}],"wp:featuredmedia":[{"embeddable":true,"href":"https:\/\/www.europesays.com\/se\/wp-json\/wp\/v2\/media\/133940"}],"wp:attachment":[{"href":"https:\/\/www.europesays.com\/se\/wp-json\/wp\/v2\/media?parent=133939"}],"wp:term":[{"taxonomy":"category","embeddable":true,"href":"https:\/\/www.europesays.com\/se\/wp-json\/wp\/v2\/categories?post=133939"},{"taxonomy":"post_tag","embeddable":true,"href":"https:\/\/www.europesays.com\/se\/wp-json\/wp\/v2\/tags?post=133939"}],"curies":[{"name":"wp","href":"https:\/\/api.w.org\/{rel}","templated":true}]}}