{"id":133941,"date":"2026-01-13T06:56:12","date_gmt":"2026-01-13T06:56:12","guid":{"rendered":"https:\/\/www.europesays.com\/se\/133941\/"},"modified":"2026-01-13T06:56:12","modified_gmt":"2026-01-13T06:56:12","slug":"it-utbildningar-skrotas-svarare-att-fa-jobb-svd","status":"publish","type":"post","link":"https:\/\/www.europesays.com\/se\/133941\/","title":{"rendered":"It-utbildningar skrotas &#8211; sv\u00e5rare att f\u00e5 jobb &#8211; SvD"},"content":{"rendered":"<ol>\n<li><a href=\"https:\/\/news.google.com\/rss\/articles\/CBMie0FVX3lxTE9NSXEtMkdKdlBnNThnTmFjci1VTlR0N3J2SldEUzdNMjdPVnhLV0szdThjakJmUXJKVm5uc2lJeC02QTlGWTUtSHpvSmNiUDlWSnd3Z0dUN0VHYmNhVHc3VGY2ZXlQWG40RHQ4cU5Lb1p0UVhBcTUtUERkRQ?oc=5\" target=\"_blank\" rel=\"nofollow noopener\">It-utbildningar skrotas &#8211; sv\u00e5rare att f\u00e5 jobb<\/a>&nbsp;&nbsp;SvD<\/li>\n<li><a href=\"https:\/\/news.google.com\/rss\/articles\/CBMinwFBVV95cUxORk9qajhGLXZyLVFjcEhISC1WX0xBYXlsSEk4aktlS1dGUkxEdWdYTllPZmlkb2x4N2VUN0k5alp4VjQtMm4zVGN4WXM1SFpVMUhVRVpvalJSd09neTA2Q1lvNFNYVXB3SmlrelE4dGp5cjRBWjcybjdoWnZhWWxEeDhSZVVLUC1IMGFNdUtqYjFoTjlYRlNuTzZER2Nub3M?oc=5\" target=\"_blank\" rel=\"nofollow noopener\">Yrkesh\u00f6gskolorna v\u00e4xer \u2013 s\u00e4kerhetsutbildningar \u00f6kar<\/a>&nbsp;&nbsp;Sveriges Radio<\/li>\n<li><a href=\"https:\/\/news.google.com\/rss\/articles\/CBMilwFBVV95cUxNSVRZWDYtU1B2RWRJNnExRlR0YU5CWlg0b1pvaFBOME0tWUN4YURsYUxGMk9pR0NudWUtcmdxTGRZQzE5UXUwYUh5RFVCQVdhSTh6NDl3QXNKcXlKYUhSYmx3QTVzV3N4RDhOa2dPdHphUEpTMllCNzF3MzhpR0ViOVJNcU13RFFrcVRWaVVybDYtZUhWZW5J?oc=5\" target=\"_blank\" rel=\"nofollow noopener\">DEBATT: \u201dArbetsgivare i Kalmar beh\u00f6ver samarbeta med yrkesh\u00f6gskolan\u201d<\/a>&nbsp;&nbsp;Barometern-OT<\/li>\n<li><a href=\"https:\/\/news.google.com\/rss\/articles\/CBMicEFVX3lxTFAtNXM4MmJFMnpVbzkxMHhmeUlEYXRLaVlXNmI1M0haMVcwelNpZjRaWklDd0ZYU0JUYzRXel9uc0RpRUl0ZjZNM3F3YkFZVGprcnZ2T2wxSTFjWTdPOWYtVEh1NXFrTzBGazNMTjJfMWk?oc=5\" target=\"_blank\" rel=\"nofollow noopener\">Fler YH-platser \u2013 men it-utbildningar skrotas<\/a>&nbsp;&nbsp;Sm\u00e5landsposten<\/li>\n<li><a href=\"https:\/\/news.google.com\/rss\/articles\/CBMiowFBVV95cUxPb3o0aURVT1ZDSjNMNEJBVmI2OUdTN1BMVGVQRG1CcERCTWVyaTJsWXRQMmI5S0hIU25RTmt4N2prRFJLZ1E0Vjh0VTcxSnZEZTJJRHdiQUhDZUJqLXFwYkJ3RGx0Q3RmejBWel81TmJFNzItOExQZ0NtRVEzVXJtcG1BQTduU2FQLTRKZTJHcFlBcjMwVC1MNTJ3TWlPaEdhdTdr?oc=5\" target=\"_blank\" rel=\"nofollow noopener\">Yrkesh\u00f6gskolan v\u00e4xer \u2013 utbildningsutbudet f\u00f6rnyas<\/a>&nbsp;&nbsp;NewsMachine AB<\/li>\n<\/ol>\n","protected":false},"excerpt":{"rendered":"It-utbildningar skrotas &#8211; sv\u00e5rare att f\u00e5 jobb&nbsp;&nbsp;SvD Yrkesh\u00f6gskolorna v\u00e4xer \u2013 s\u00e4kerhetsutbildningar \u00f6kar&nbsp;&nbsp;Sveriges Radio DEBATT: \u201dArbetsgivare i Kalmar beh\u00f6ver&hellip;\n","protected":false},"author":2,"featured_media":133942,"comment_status":"","ping_status":"","sticky":false,"template":"","format":"standard","meta":{"footnotes":""},"categories":[65],"tags":[72,70,71,34,31,33,32,30],"class_list":{"0":"post-133941","1":"post","2":"type-post","3":"status-publish","4":"format-standard","5":"has-post-thumbnail","7":"category-ekonomi","8":"tag-business","9":"tag-economy","10":"tag-ekonomi","11":"tag-se","12":"tag-svenska","13":"tag-sverige","14":"tag-sweden","15":"tag-swedish"},"share_on_mastodon":{"url":"https:\/\/pubeurope.com\/@se\/115886488548699250","error":""},"_links":{"self":[{"href":"https:\/\/www.europesays.com\/se\/wp-json\/wp\/v2\/posts\/133941","targetHints":{"allow":["GET"]}}],"collection":[{"href":"https:\/\/www.europesays.com\/se\/wp-json\/wp\/v2\/posts"}],"about":[{"href":"https:\/\/www.europesays.com\/se\/wp-json\/wp\/v2\/types\/post"}],"author":[{"embeddable":true,"href":"https:\/\/www.europesays.com\/se\/wp-json\/wp\/v2\/users\/2"}],"replies":[{"embeddable":true,"href":"https:\/\/www.europesays.com\/se\/wp-json\/wp\/v2\/comments?post=133941"}],"version-history":[{"count":0,"href":"https:\/\/www.europesays.com\/se\/wp-json\/wp\/v2\/posts\/133941\/revisions"}],"wp:featuredmedia":[{"embeddable":true,"href":"https:\/\/www.europesays.com\/se\/wp-json\/wp\/v2\/media\/133942"}],"wp:attachment":[{"href":"https:\/\/www.europesays.com\/se\/wp-json\/wp\/v2\/media?parent=133941"}],"wp:term":[{"taxonomy":"category","embeddable":true,"href":"https:\/\/www.europesays.com\/se\/wp-json\/wp\/v2\/categories?post=133941"},{"taxonomy":"post_tag","embeddable":true,"href":"https:\/\/www.europesays.com\/se\/wp-json\/wp\/v2\/tags?post=133941"}],"curies":[{"name":"wp","href":"https:\/\/api.w.org\/{rel}","templated":true}]}}