{"id":133943,"date":"2026-01-13T06:57:14","date_gmt":"2026-01-13T06:57:14","guid":{"rendered":"https:\/\/www.europesays.com\/se\/133943\/"},"modified":"2026-01-13T06:57:14","modified_gmt":"2026-01-13T06:57:14","slug":"venezuela-kallas-for-oinvesterbart-trump-ryter-tillbaka","status":"publish","type":"post","link":"https:\/\/www.europesays.com\/se\/133943\/","title":{"rendered":"Venezuela kallas f\u00f6r &#8221;oinvesterbart&#8221; \u2013 Trump ryter tillbaka"},"content":{"rendered":"<p>USA:s president <strong>Donald Trump<\/strong> vill att v\u00e4sterl\u00e4ndska oljebolag ska bidra med upp till 100 miljarder dollar f\u00f6r att \u00e5teruppbygga Venezuelas oljeindustri.<\/p>\n<p>Men j\u00e4tten <a href=\"https:\/\/www.realtid.se\/bors-finans\/aktieagarna-forlorar-makten-pendeln-har-svangt-helt\/\" rel=\"nofollow noopener\" target=\"_blank\">ExxonMobil<\/a> \u00e4r skeptiskt p\u00e5 grund av tidigare nationaliseringar, r\u00e4ttsos\u00e4kerhet och sanktioner.<\/p>\n<p>Trump hotar by att stoppa <strong>ExxonMobil<\/strong> fr\u00e5n att investera i <strong>Venezuela<\/strong> efter att bolagets vd kallat landet \u201coinvesterbart\u201d under ett m\u00f6te i Vita huset, skriver <a href=\"https:\/\/www.ft.com\/content\/5a97cb9f-548d-4480-a3c1-713beb61b8d9\" rel=\"nofollow noopener\" target=\"_blank\">Financial Times<\/a>.<\/p>\n<p>Tuffare press fr\u00e5n Trump<\/p>\n<p>Produktionen i Venezuela har fallit till under en miljon fat per dag, och oljebolagen ser risker i stora kapitalinvesteringar.<\/p>\n<p>Chevron, som redan \u00e4r verksamt i landet, bed\u00f6mer att produktionen kan \u00f6ka med 50 procent inom tv\u00e5 \u00e5r genom utbyggnad av befintlig verksamhet.<\/p>\n<p>Trumps utspel sker samtidigt som USA sk\u00e4rper pressen p\u00e5 Venezuelas ledning under <strong>Nicol\u00e1s Maduro<\/strong>, med fokus p\u00e5 kontroll \u00f6ver landets naturresurser och att s\u00e4kra strategiska ekonomiska intressen.<\/p>\n","protected":false},"excerpt":{"rendered":"USA:s president Donald Trump vill att v\u00e4sterl\u00e4ndska oljebolag ska bidra med upp till 100 miljarder dollar f\u00f6r att&hellip;\n","protected":false},"author":2,"featured_media":133944,"comment_status":"","ping_status":"","sticky":false,"template":"","format":"standard","meta":{"footnotes":""},"categories":[14],"tags":[22,23,26,27,17,21,24,25,28,29,15,16,18,34,31,33,32,30,19,20,51,52,53,54],"class_list":{"0":"post-133943","1":"post","2":"type-post","3":"status-publish","4":"format-standard","5":"has-post-thumbnail","7":"category-varlden","8":"tag-breaking-news","9":"tag-breakingnews","10":"tag-featured-news","11":"tag-featurednews","12":"tag-headlines","13":"tag-huvudnyheter","14":"tag-latest-news","15":"tag-latestnews","16":"tag-main-news","17":"tag-mainnews","18":"tag-news","19":"tag-nyheter","20":"tag-rubriker","21":"tag-se","22":"tag-svenska","23":"tag-sverige","24":"tag-sweden","25":"tag-swedish","26":"tag-top-stories","27":"tag-topstories","28":"tag-varlden","29":"tag-world","30":"tag-world-news","31":"tag-worldnews"},"share_on_mastodon":{"url":"https:\/\/pubeurope.com\/@se\/115886492484915095","error":""},"_links":{"self":[{"href":"https:\/\/www.europesays.com\/se\/wp-json\/wp\/v2\/posts\/133943","targetHints":{"allow":["GET"]}}],"collection":[{"href":"https:\/\/www.europesays.com\/se\/wp-json\/wp\/v2\/posts"}],"about":[{"href":"https:\/\/www.europesays.com\/se\/wp-json\/wp\/v2\/types\/post"}],"author":[{"embeddable":true,"href":"https:\/\/www.europesays.com\/se\/wp-json\/wp\/v2\/users\/2"}],"replies":[{"embeddable":true,"href":"https:\/\/www.europesays.com\/se\/wp-json\/wp\/v2\/comments?post=133943"}],"version-history":[{"count":0,"href":"https:\/\/www.europesays.com\/se\/wp-json\/wp\/v2\/posts\/133943\/revisions"}],"wp:featuredmedia":[{"embeddable":true,"href":"https:\/\/www.europesays.com\/se\/wp-json\/wp\/v2\/media\/133944"}],"wp:attachment":[{"href":"https:\/\/www.europesays.com\/se\/wp-json\/wp\/v2\/media?parent=133943"}],"wp:term":[{"taxonomy":"category","embeddable":true,"href":"https:\/\/www.europesays.com\/se\/wp-json\/wp\/v2\/categories?post=133943"},{"taxonomy":"post_tag","embeddable":true,"href":"https:\/\/www.europesays.com\/se\/wp-json\/wp\/v2\/tags?post=133943"}],"curies":[{"name":"wp","href":"https:\/\/api.w.org\/{rel}","templated":true}]}}