{"id":133945,"date":"2026-01-13T06:58:07","date_gmt":"2026-01-13T06:58:07","guid":{"rendered":"https:\/\/www.europesays.com\/se\/133945\/"},"modified":"2026-01-13T06:58:07","modified_gmt":"2026-01-13T06:58:07","slug":"nu-finns-kloka-listan-2026-tillganglig","status":"publish","type":"post","link":"https:\/\/www.europesays.com\/se\/133945\/","title":{"rendered":"Nu finns Kloka listan 2026 tillg\u00e4nglig"},"content":{"rendered":"<p>Kloka listan till v\u00e5rden<\/p>\n<p class=\"font-normal\">Till v\u00e5rdcentralerna, akutsjukhusen, vissa privata mottagningar samt till de geriatriska enheterna i Stockholms l\u00e4n kommer den tryckta f\u00f6rskrivarversionen att skickas ut automatiskt de n\u00e4rmaste veckorna.<\/p>\n<p class=\"font-normal\">I \u00e5r kommer 40 ex av broschyren Om Kloka listan och r\u00e5d om l\u00e4kemedelsbehandling endast att levereras till v\u00e5rdcentralerna. Om broschyren \u00f6nskas av akutsjukhusen g\u00e5r den att best\u00e4lla via e\u2011post; <a href=\"https:\/\/janusinfo.se\/nyheter\/nyheter\/2026\/mailto:klokalistan.hsf@regionstockholm.se\" rel=\"nofollow noopener\" target=\"_blank\">klokalistan.hsf@regionstockholm.se<\/a>.<\/p>\n<p class=\"font-normal\">\u00d6vriga v\u00e5rdgivare \u00e4r v\u00e4lkomna att best\u00e4lla Kloka listan via e\u2011post; <a href=\"https:\/\/janusinfo.se\/nyheter\/nyheter\/2026\/mailto:klokalistan.hsf@regionstockholm.se\" rel=\"nofollow noopener\" target=\"_blank\">klokalistan.hsf@regionstockholm.se<\/a>.<\/p>\n<p>Fortbildning<\/p>\n<p class=\"font-normal\">F\u00f6r n\u00e4rmare kunskap om Kloka listans rekommendationer, Kloka r\u00e5den och egen verksamhets l\u00e4kemedels\u00adanv\u00e4ndning kan informationsl\u00e4kare och informationsapotekare kontaktas. Se kontaktuppgifter p\u00e5 <a href=\"http:\/\/akademisktprimarvardscentrum.se\/fortbildning-och-kvalitetsstod\/lakemedel\" rel=\"external nofollow noopener\" target=\"_blank\">L\u00e4kemedel (akademisktprimarvardscentrum.se)<\/a> eller e\u2011posta din intresseanm\u00e4lan till; <a href=\"https:\/\/janusinfo.se\/nyheter\/nyheter\/2026\/mailto:marie.schill@regionstockholm.se\" rel=\"nofollow noopener\" target=\"_blank\">marie.schill@regionstockholm.se<\/a>.<\/p>\n","protected":false},"excerpt":{"rendered":"Kloka listan till v\u00e5rden Till v\u00e5rdcentralerna, akutsjukhusen, vissa privata mottagningar samt till de geriatriska enheterna i Stockholms l\u00e4n&hellip;\n","protected":false},"author":2,"featured_media":133946,"comment_status":"","ping_status":"","sticky":false,"template":"","format":"standard","meta":{"footnotes":""},"categories":[12],"tags":[22,23,26,27,17,21,24,25,28,29,15,16,18,34,31,33,32,30,19,20],"class_list":{"0":"post-133945","1":"post","2":"type-post","3":"status-publish","4":"format-standard","5":"has-post-thumbnail","7":"category-sverige","8":"tag-breaking-news","9":"tag-breakingnews","10":"tag-featured-news","11":"tag-featurednews","12":"tag-headlines","13":"tag-huvudnyheter","14":"tag-latest-news","15":"tag-latestnews","16":"tag-main-news","17":"tag-mainnews","18":"tag-news","19":"tag-nyheter","20":"tag-rubriker","21":"tag-se","22":"tag-svenska","23":"tag-sverige","24":"tag-sweden","25":"tag-swedish","26":"tag-top-stories","27":"tag-topstories"},"share_on_mastodon":{"url":"https:\/\/pubeurope.com\/@se\/115886496383186043","error":""},"_links":{"self":[{"href":"https:\/\/www.europesays.com\/se\/wp-json\/wp\/v2\/posts\/133945","targetHints":{"allow":["GET"]}}],"collection":[{"href":"https:\/\/www.europesays.com\/se\/wp-json\/wp\/v2\/posts"}],"about":[{"href":"https:\/\/www.europesays.com\/se\/wp-json\/wp\/v2\/types\/post"}],"author":[{"embeddable":true,"href":"https:\/\/www.europesays.com\/se\/wp-json\/wp\/v2\/users\/2"}],"replies":[{"embeddable":true,"href":"https:\/\/www.europesays.com\/se\/wp-json\/wp\/v2\/comments?post=133945"}],"version-history":[{"count":0,"href":"https:\/\/www.europesays.com\/se\/wp-json\/wp\/v2\/posts\/133945\/revisions"}],"wp:featuredmedia":[{"embeddable":true,"href":"https:\/\/www.europesays.com\/se\/wp-json\/wp\/v2\/media\/133946"}],"wp:attachment":[{"href":"https:\/\/www.europesays.com\/se\/wp-json\/wp\/v2\/media?parent=133945"}],"wp:term":[{"taxonomy":"category","embeddable":true,"href":"https:\/\/www.europesays.com\/se\/wp-json\/wp\/v2\/categories?post=133945"},{"taxonomy":"post_tag","embeddable":true,"href":"https:\/\/www.europesays.com\/se\/wp-json\/wp\/v2\/tags?post=133945"}],"curies":[{"name":"wp","href":"https:\/\/api.w.org\/{rel}","templated":true}]}}