{"id":133947,"date":"2026-01-13T06:59:08","date_gmt":"2026-01-13T06:59:08","guid":{"rendered":"https:\/\/www.europesays.com\/se\/133947\/"},"modified":"2026-01-13T06:59:08","modified_gmt":"2026-01-13T06:59:08","slug":"tva-bilar-i-krock-utanfor-ystad-stopp-i-bada-riktningarna","status":"publish","type":"post","link":"https:\/\/www.europesays.com\/se\/133947\/","title":{"rendered":"Tv\u00e5 bilar i krock utanf\u00f6r Ystad \u2013 stopp i b\u00e5da riktningarna"},"content":{"rendered":"<p>Ingen har skadats i olyckan, enligt Sara Andersson som \u00e4r presstalesperson i polisregion Syd.<\/p>\n<p>\u2013 Det \u00e4r tv\u00e5 bilar som kolliderat. Den ena ska st\u00e5 i fel k\u00f6rriktning vilket g\u00f6r att det \u00e4r stopp i trafiken i b\u00e5da riktningarna, s\u00e4ger Sara Andersson och forts\u00e4tter:<\/p>\n<p>\u2013 Det \u00e4r lite st\u00f6kigt v\u00e4derm\u00e4ssigt i dag, men jag har ingen notering om det \u00e4r det som st\u00e4llt till det i det h\u00e4r fallet.<\/p>\n<p>B\u00e4rgare \u00e4r p\u00e5 v\u00e4g till platsen, uppger Sara Andersson vid 07:30-tiden.<\/p>\n","protected":false},"excerpt":{"rendered":"Ingen har skadats i olyckan, enligt Sara Andersson som \u00e4r presstalesperson i polisregion Syd. \u2013 Det \u00e4r tv\u00e5&hellip;\n","protected":false},"author":2,"featured_media":793,"comment_status":"","ping_status":"","sticky":false,"template":"","format":"standard","meta":{"footnotes":""},"categories":[5],"tags":[22,23,26,27,17,21,24,25,28,29,15,16,18,34,31,33,32,30,19,20],"class_list":{"0":"post-133947","1":"post","2":"type-post","3":"status-publish","4":"format-standard","5":"has-post-thumbnail","7":"category-rubriker","8":"tag-breaking-news","9":"tag-breakingnews","10":"tag-featured-news","11":"tag-featurednews","12":"tag-headlines","13":"tag-huvudnyheter","14":"tag-latest-news","15":"tag-latestnews","16":"tag-main-news","17":"tag-mainnews","18":"tag-news","19":"tag-nyheter","20":"tag-rubriker","21":"tag-se","22":"tag-svenska","23":"tag-sverige","24":"tag-sweden","25":"tag-swedish","26":"tag-top-stories","27":"tag-topstories"},"share_on_mastodon":{"url":"https:\/\/pubeurope.com\/@se\/115886500230610422","error":""},"_links":{"self":[{"href":"https:\/\/www.europesays.com\/se\/wp-json\/wp\/v2\/posts\/133947","targetHints":{"allow":["GET"]}}],"collection":[{"href":"https:\/\/www.europesays.com\/se\/wp-json\/wp\/v2\/posts"}],"about":[{"href":"https:\/\/www.europesays.com\/se\/wp-json\/wp\/v2\/types\/post"}],"author":[{"embeddable":true,"href":"https:\/\/www.europesays.com\/se\/wp-json\/wp\/v2\/users\/2"}],"replies":[{"embeddable":true,"href":"https:\/\/www.europesays.com\/se\/wp-json\/wp\/v2\/comments?post=133947"}],"version-history":[{"count":0,"href":"https:\/\/www.europesays.com\/se\/wp-json\/wp\/v2\/posts\/133947\/revisions"}],"wp:featuredmedia":[{"embeddable":true,"href":"https:\/\/www.europesays.com\/se\/wp-json\/wp\/v2\/media\/793"}],"wp:attachment":[{"href":"https:\/\/www.europesays.com\/se\/wp-json\/wp\/v2\/media?parent=133947"}],"wp:term":[{"taxonomy":"category","embeddable":true,"href":"https:\/\/www.europesays.com\/se\/wp-json\/wp\/v2\/categories?post=133947"},{"taxonomy":"post_tag","embeddable":true,"href":"https:\/\/www.europesays.com\/se\/wp-json\/wp\/v2\/tags?post=133947"}],"curies":[{"name":"wp","href":"https:\/\/api.w.org\/{rel}","templated":true}]}}