{"id":133948,"date":"2026-01-13T07:01:13","date_gmt":"2026-01-13T07:01:13","guid":{"rendered":"https:\/\/www.europesays.com\/se\/133948\/"},"modified":"2026-01-13T07:01:13","modified_gmt":"2026-01-13T07:01:13","slug":"columbus-sparkar-dean-evason-rick-bowness-tar-over-nhl","status":"publish","type":"post","link":"https:\/\/www.europesays.com\/se\/133948\/","title":{"rendered":"Columbus sparkar Dean Evason \u2013 Rick Bowness tar \u00f6ver \u2022 NHL"},"content":{"rendered":"<p><a data-test-tag=\"internal-link\" href=\"https:\/\/www.aftonbladet.se\/av\/anton-johansson\" class=\"hyperion-css-13ns1rr\" rel=\"nofollow noopener\" target=\"\" aria-label=\"Se alla artiklar av Anton Johansson\"><img decoding=\"async\" class=\"image-asset hyperion-css-n6kkq1\" data-test-tag=\"image-asset\" src=\"https:\/\/www.europesays.com\/se\/wp-content\/uploads\/2026\/01\/1768287672_182_ee21040d-9e79-4667-a3ee-2f9842b2fc2d.png\"  alt=\"\"  loading=\"lazy\" fetchpriority=\"auto\" style=\"aspect-ratio:1900 \/ 1900\"\/><\/a><\/p>\n<p class=\"boxtextgrotesk-root_baa6 hyperion-css-1w346fg\">Publicerad 2026-01-12 22.58<\/p>\n<p>share-arrowDela<\/p>\n<p>unsaveSpara<\/p>\n<p>Lyssna p\u00e5 artikelnLyssna p\u00e5&#8230;<\/p>\n<p class=\"hyperion-css-1shl3oz\" data-test-tag=\"lead-text\">Fast i bottentr\u00e4sket.<\/p>\n<p class=\"hyperion-css-1shl3oz\" data-test-tag=\"lead-text\">Nu sparkar Columbus Blue Jackets tr\u00e4naren Dean Evason, 61. <\/p>\n<p class=\"hyperion-css-1shl3oz\" data-test-tag=\"lead-text\">Rick Bowness, 70, avbryter pensionen och tar \u00f6ver.<\/p>\n<p>expand-left<\/p>\n<p>helsk\u00e4rm<img decoding=\"async\" class=\"image-asset hyperion-css-u06ts1\" data-test-tag=\"image-asset\" src=\"https:\/\/www.europesays.com\/se\/wp-content\/uploads\/2026\/01\/7ee294a8-36d9-47c9-a5a5-3405417e0a83.jpeg\"  alt=\"Dean Evason.\"  loading=\"eager\" fetchpriority=\"high\" style=\"aspect-ratio:1900 \/ 1267\"\/>Dean Evason. Foto: Paul Vernon \/ AP<\/p>\n<p class=\"hyperion-css-1v9qo5x\">Columbus vann sin senaste match n\u00e4r man besegrade Utah Mammoth efter f\u00f6rl\u00e4ngning.<\/p>\n<p class=\"hyperion-css-1v9qo5x\">Men dessf\u00f6rinnan hade laget fem raka f\u00f6rluster och man ligger sist i NHL:s \u00f6stra konferens.<\/p>\n<p>\u201dHar varit frusterande\u201d<\/p>\n<p class=\"hyperion-css-1v9qo5x\">Ett stort misslyckande och nu sparkas Dean Evason efter en och en halv s\u00e4song vid rodret.<\/p>\n<p class=\"hyperion-css-1v9qo5x\">\u2013 Den h\u00e4r s\u00e4songen har varit frustrerande f\u00f6r oss alla och i slut\u00e4ndan \u00e4r faktum att vi inte presterar p\u00e5 en niv\u00e5 som motsvarar v\u00e5ra f\u00f6rv\u00e4ntningar. Vi delar alla ansvaret f\u00f6r detta, jag sj\u00e4lv inkluderad, och \u00e4ven om detta inte \u00e4r ett beslut som fattats l\u00e4ttvindigt \u00e4r det ett beslut som beh\u00f6vde fattas vid denna tidpunkt, s\u00e4ger general managern Don Waddell till klubbens <a aria-label=\"hemsida\" class=\"sportbladet hyperion-css-15jkft9\" href=\"https:\/\/www.nhl.com\/bluejackets\/news\/blue-jackets-part-ways-with-dean-evason-name-rick-bowness-head-coach?utm_source=social&amp;utm_medium=tw&amp;utm_campaign=release&amp;utm_content=coaching\" rel=\"noopener nofollow noreferrer\" data-test-tag=\"external-link\" target=\"_blank\">hemsida<\/a>. <\/p>\n<p class=\"hyperion-css-1v9qo5x\">70-\u00e5rige Rick Bowness, som pensionerade sig som tr\u00e4nare efter att han l\u00e4mnade Winnipeg Jets 2024, blir ny huvudtr\u00e4nare med omedelbar verkan.<\/p>\n<p class=\"hyperion-css-1v9qo5x\">arrow <strong><a aria-label=\"TIPPA SHL-PROFETEN: \" class=\"sportbladet hyperion-css-15jkft9\" href=\"https:\/\/malservice.aftonbladet.se\/profeten\/season\/70\/matcher\" rel=\"noopener noreferrer nofollow\" data-test-tag=\"external-link\" target=\"_blank\">TIPPA SHL-PROFETEN: <\/a><\/strong><strong><a aria-label=\"Hur g\u00e5r det i SHL-matcherna? Tippa och utmana v\u00e4nner \" class=\"sportbladet hyperion-css-15jkft9\" href=\"https:\/\/malservice.aftonbladet.se\/profeten\/season\/70\/matcher\" rel=\"noopener noreferrer nofollow\" data-test-tag=\"external-link\" target=\"_blank\">Hur g\u00e5r det i SHL-matcherna? Tippa och utmana v\u00e4nner <\/a><\/strong>check<strong><a aria-label=\" Januari-t\u00e4vlingen \u00e4r \u00f6ppen!\" class=\"sportbladet hyperion-css-15jkft9\" href=\"https:\/\/malservice.aftonbladet.se\/profeten\/season\/70\/matcher\" rel=\"noopener noreferrer nofollow\" data-test-tag=\"external-link\" target=\"_blank\"> Januari-t\u00e4vlingen \u00e4r \u00f6ppen!<\/a><\/strong><\/p>\n<p class=\"hyperion-css-1v9qo5x\">Annons<br \/><strong><a aria-label=\"Streama hela SHL-s\u00e4songen p\u00e5 TV4 Play\" class=\"sportbladet hyperion-css-15jkft9\" href=\"https:\/\/www.tv4play.se\/kampanj\/sportbladet?utm_source=salj&amp;utm_medium=paid&amp;utm_campaign=artikel_2025\" rel=\"noopener nofollow noreferrer\" data-test-tag=\"external-link\" target=\"_blank\">Streama hela SHL-s\u00e4songen p\u00e5 TV4 Play<\/a><\/strong><\/p>\n<p>expand-left<\/p>\n<p>helsk\u00e4rm<img decoding=\"async\" class=\"image-asset hyperion-css-u06ts1\" data-test-tag=\"image-asset\" src=\"https:\/\/www.europesays.com\/se\/wp-content\/uploads\/2026\/01\/2c7b63eb-7deb-4a8c-9d6a-b2bd41bccd75.jpeg\"  alt=\"Rick Bowness.\"  loading=\"eager\" fetchpriority=\"high\" style=\"aspect-ratio:1900 \/ 1267\"\/>Rick Bowness. Foto: David Lipnowski \/ AP<\/p>\n","protected":false},"excerpt":{"rendered":"Publicerad 2026-01-12 22.58 share-arrowDela unsaveSpara Lyssna p\u00e5 artikelnLyssna p\u00e5&#8230; Fast i bottentr\u00e4sket. Nu sparkar Columbus Blue Jackets tr\u00e4naren&hellip;\n","protected":false},"author":2,"featured_media":133949,"comment_status":"","ping_status":"","sticky":false,"template":"","format":"standard","meta":{"footnotes":""},"categories":[68],"tags":[34,111,110,31,33,32,30],"class_list":{"0":"post-133948","1":"post","2":"type-post","3":"status-publish","4":"format-standard","5":"has-post-thumbnail","7":"category-sport","8":"tag-se","9":"tag-sport","10":"tag-sports","11":"tag-svenska","12":"tag-sverige","13":"tag-sweden","14":"tag-swedish"},"share_on_mastodon":{"url":"https:\/\/pubeurope.com\/@se\/115886508138748233","error":""},"_links":{"self":[{"href":"https:\/\/www.europesays.com\/se\/wp-json\/wp\/v2\/posts\/133948","targetHints":{"allow":["GET"]}}],"collection":[{"href":"https:\/\/www.europesays.com\/se\/wp-json\/wp\/v2\/posts"}],"about":[{"href":"https:\/\/www.europesays.com\/se\/wp-json\/wp\/v2\/types\/post"}],"author":[{"embeddable":true,"href":"https:\/\/www.europesays.com\/se\/wp-json\/wp\/v2\/users\/2"}],"replies":[{"embeddable":true,"href":"https:\/\/www.europesays.com\/se\/wp-json\/wp\/v2\/comments?post=133948"}],"version-history":[{"count":0,"href":"https:\/\/www.europesays.com\/se\/wp-json\/wp\/v2\/posts\/133948\/revisions"}],"wp:featuredmedia":[{"embeddable":true,"href":"https:\/\/www.europesays.com\/se\/wp-json\/wp\/v2\/media\/133949"}],"wp:attachment":[{"href":"https:\/\/www.europesays.com\/se\/wp-json\/wp\/v2\/media?parent=133948"}],"wp:term":[{"taxonomy":"category","embeddable":true,"href":"https:\/\/www.europesays.com\/se\/wp-json\/wp\/v2\/categories?post=133948"},{"taxonomy":"post_tag","embeddable":true,"href":"https:\/\/www.europesays.com\/se\/wp-json\/wp\/v2\/tags?post=133948"}],"curies":[{"name":"wp","href":"https:\/\/api.w.org\/{rel}","templated":true}]}}