{"id":133952,"date":"2026-01-13T07:04:16","date_gmt":"2026-01-13T07:04:16","guid":{"rendered":"https:\/\/www.europesays.com\/se\/133952\/"},"modified":"2026-01-13T07:04:16","modified_gmt":"2026-01-13T07:04:16","slug":"nordiska-innovationer-i-fokus-nominera-till-nordic-innovation-award-2026-patent","status":"publish","type":"post","link":"https:\/\/www.europesays.com\/se\/133952\/","title":{"rendered":"Nordiska innovationer i fokus \u2013 nominera till Nordic Innovation Award 2026 | Patent"},"content":{"rendered":"<p>Nordic Innovation Award \u00e4r en nordisk utm\u00e4rkelse d\u00e4r en expertjury \u00e5rligen lyfter fram sm\u00e5 och medelstora f\u00f6retag samt startups som kombinerar innovativa l\u00f6sningar med ett strategiskt arbete med immateriella r\u00e4ttigheter \u2013 s\u00e5som patent, varum\u00e4rken eller design. Syftet \u00e4r att synligg\u00f6ra hur immaterialr\u00e4tt kan st\u00e4rka f\u00f6retags konkurrenskraft, bidra till tillv\u00e4xt och fr\u00e4mja h\u00e5llbar utveckling i Sverige, Norden och globalt.<\/p>\n<p>\u2013 Nordic Innovation Award visar hur immateriella r\u00e4ttigheter kan anv\u00e4ndas strategiskt f\u00f6r att st\u00e4rka innovation, konkurrenskraft och h\u00e5llbar utveckling. Genom priset vill vi lyfta fram f\u00f6retag som inte bara har en stark id\u00e9, utan ocks\u00e5 f\u00f6rm\u00e5gan att ta den hela v\u00e4gen till samh\u00e4llsnytta och internationell konkurrenskraft, s\u00e4ger Anna Jardfelt, generaldirekt\u00f6r f\u00f6r PRV.<\/p>\n<p><strong>F\u00f6rra \u00e5rets vinnare visar v\u00e4gen<br \/><\/strong>Nordic Innovation Award delades ut f\u00f6r f\u00f6rsta g\u00e5ngen i april 2025 i K\u00f6penhamn. Vinnare av den nordiska finalen blev det norska f\u00f6retaget Cartesian, som utvecklat en teknik f\u00f6r termisk energilagring med potential att minska b\u00e5de energif\u00f6rbrukning och utsl\u00e4pp. Sverige representerades av GreenIron H2 AB, vars metod f\u00f6r fossilfri metallframst\u00e4llning med v\u00e4tgas kan f\u00e5 stor betydelse f\u00f6r industrins klimatomst\u00e4llning.<\/p>\n<p><strong>Vem kan nominera och delta?<br \/><\/strong>Alla sm\u00e5 och medelstora f\u00f6retag samt startups med bas i Norden kan nomineras eller nominera sig sj\u00e4lva. F\u00f6r att delta ska f\u00f6retaget:<\/p>\n<ul type=\"disc\">\n<li>ha f\u00e4rre \u00e4n 250 anst\u00e4llda<\/li>\n<li>ha minst en registrerad immateriell r\u00e4ttighet<\/li>\n<li>ha en innovation med tydlig koppling till h\u00e5llbarhet och potential att skapa l\u00e5ngsiktigt v\u00e4rde och positiv samh\u00e4llsp\u00e5verkan<\/li>\n<\/ul>\n<p><strong>Varf\u00f6r \u00e4r Nordic Innovation Award viktigt?<br \/><\/strong>Priset lyfter fram goda exempel p\u00e5 hur immateriella r\u00e4ttigheter anv\u00e4nds som en strategisk resurs i aff\u00e4rsutveckling och innovation. Genom samarbetet mellan de nordiska immaterialr\u00e4ttsmyndigheterna vill PRV \u00f6ka kunskapen om immaterialr\u00e4ttens roll i samh\u00e4llsutvecklingen och bidra till en mer h\u00e5llbar framtid.<\/p>\n<p><strong>S\u00e5 nominerar du<br \/><\/strong>Nomineringarna till Nordic Innovation Award 2026 \u00e4r nu \u00f6ppna. Det g\u00e5r bra att nominera det egna f\u00f6retaget eller ett annat f\u00f6retag. Mer information om kriterier och nominering finns p\u00e5 PRV:s webbplats. Sista dagen f\u00f6r nominering \u00e4r den 28 februari.<\/p>\n<p><strong\/>Efter nomineringstidens slut sammantr\u00e4der den svenska juryn och utser ett svenskt bidrag som g\u00e5r vidare till den nordiska juryn. Den nordiska vinnaren presenteras vid prisceremonin den 21 maj 2026 i Oslo.<\/p>\n<p><strong>Juryn f\u00f6r Nordic Innovation Award 2026<br \/><\/strong>Den svenska juryn best\u00e5r av:<\/p>\n<ul type=\"disc\">\n<li><strong>Fredrik Egrelius<\/strong>, Enhetschef, patentenhet Kista 5, Ericsson AB<\/li>\n<li><strong>Malin Mohr<\/strong>, Projektledare Entrepren\u00f6rskap, Kungliga Ingenj\u00f6rsvetenskapsakademien<\/li>\n<li><strong>Inga-Lill Tuomela<\/strong>, vice ordf\u00f6rande, SEPAF<\/li>\n<li><strong>Christina Wainikka<\/strong>, Policyexpert immaterialr\u00e4tt, Svenskt N\u00e4ringsliv<\/li>\n<\/ul>\n<p>\u00a0H\u00e4r kan du l\u00e4sa mer och nominera ett f\u00f6retag:\u00a0<a href=\"https:\/\/www.prv.se\/nia\" title=\"https:\/\/www.prv.se\/nia\" target=\"_blank\" rel=\"nofollow noopener\">www.prv.se\/nia<\/a><\/p>\n<p><strong>Om Nordic Innovation Award<br \/><\/strong>Nordic Innovation Award \u00e4r ett samarbete mellan immaterialr\u00e4ttsmyndigheterna i Danmark, Finland, Island, Norge och Sverige. Priset hyllar innovationer som bidrar till h\u00e5llbar utveckling och visar hur immateriella r\u00e4ttigheter kan st\u00e4rka f\u00f6retags konkurrenskraft och m\u00f6ta framtidens samh\u00e4llsutmaningar.<\/p>\n","protected":false},"excerpt":{"rendered":"Nordic Innovation Award \u00e4r en nordisk utm\u00e4rkelse d\u00e4r en expertjury \u00e5rligen lyfter fram sm\u00e5 och medelstora f\u00f6retag samt&hellip;\n","protected":false},"author":2,"featured_media":133953,"comment_status":"","ping_status":"","sticky":false,"template":"","format":"standard","meta":{"footnotes":""},"categories":[65],"tags":[72,70,71,34,31,33,32,30],"class_list":{"0":"post-133952","1":"post","2":"type-post","3":"status-publish","4":"format-standard","5":"has-post-thumbnail","7":"category-ekonomi","8":"tag-business","9":"tag-economy","10":"tag-ekonomi","11":"tag-se","12":"tag-svenska","13":"tag-sverige","14":"tag-sweden","15":"tag-swedish"},"share_on_mastodon":{"url":"https:\/\/pubeurope.com\/@se\/115886519908349450","error":""},"_links":{"self":[{"href":"https:\/\/www.europesays.com\/se\/wp-json\/wp\/v2\/posts\/133952","targetHints":{"allow":["GET"]}}],"collection":[{"href":"https:\/\/www.europesays.com\/se\/wp-json\/wp\/v2\/posts"}],"about":[{"href":"https:\/\/www.europesays.com\/se\/wp-json\/wp\/v2\/types\/post"}],"author":[{"embeddable":true,"href":"https:\/\/www.europesays.com\/se\/wp-json\/wp\/v2\/users\/2"}],"replies":[{"embeddable":true,"href":"https:\/\/www.europesays.com\/se\/wp-json\/wp\/v2\/comments?post=133952"}],"version-history":[{"count":0,"href":"https:\/\/www.europesays.com\/se\/wp-json\/wp\/v2\/posts\/133952\/revisions"}],"wp:featuredmedia":[{"embeddable":true,"href":"https:\/\/www.europesays.com\/se\/wp-json\/wp\/v2\/media\/133953"}],"wp:attachment":[{"href":"https:\/\/www.europesays.com\/se\/wp-json\/wp\/v2\/media?parent=133952"}],"wp:term":[{"taxonomy":"category","embeddable":true,"href":"https:\/\/www.europesays.com\/se\/wp-json\/wp\/v2\/categories?post=133952"},{"taxonomy":"post_tag","embeddable":true,"href":"https:\/\/www.europesays.com\/se\/wp-json\/wp\/v2\/tags?post=133952"}],"curies":[{"name":"wp","href":"https:\/\/api.w.org\/{rel}","templated":true}]}}