{"id":133954,"date":"2026-01-13T07:06:22","date_gmt":"2026-01-13T07:06:22","guid":{"rendered":"https:\/\/www.europesays.com\/se\/133954\/"},"modified":"2026-01-13T07:06:22","modified_gmt":"2026-01-13T07:06:22","slug":"lagandringar-skarper-ansvaret-for-varden-i-krig","status":"publish","type":"post","link":"https:\/\/www.europesays.com\/se\/133954\/","title":{"rendered":"Lag\u00e4ndringar sk\u00e4rper ansvaret f\u00f6r v\u00e5rden i krig"},"content":{"rendered":"<p>Den 1 januari 2026 tr\u00e4dde lag\u00e4ndringar i kraft som tydligg\u00f6r kommuners, regioners och Socialstyrelsens ansvar f\u00f6r h\u00e4lso- och sjukv\u00e5rd vid kris, h\u00f6jd beredskap och krig. Det nya regelverket sk\u00e4rper ansvaret f\u00f6r planering och f\u00f6rberedelser f\u00f6r att h\u00e4lso- och sjukv\u00e5rden ska fungera \u00e4ven under mycket sv\u00e5ra f\u00f6rh\u00e5llanden och ytterst krig.<br \/>\n&#8221;Utan en fungerande h\u00e4lso- och sjukv\u00e5rd stannar Sverige. Det h\u00e4r \u00e4r en av de viktigaste f\u00f6rst\u00e4rkningar f\u00f6r h\u00e4lso- och sjukv\u00e5rdens beredskap p\u00e5 m\u00e5nga \u00e5r. Lagen skapar en tydlighet och trygghet n\u00e4r samh\u00e4llet uts\u00e4tts f\u00f6r stora p\u00e5frestningar&#8221;, s\u00e4ger Socialstyrelsens generaldirekt\u00f6r Bj\u00f6rn Eriksson.\n<\/p>\n<p>Bakgrunden \u00e4r en f\u00f6r\u00e4ndrad omv\u00e4rld och en \u00f6kad insikt om att h\u00e4lso- och sjukv\u00e5rden snabbt kan beh\u00f6va st\u00e4lla om vid extrema p\u00e5frestningar, samtidigt som v\u00e5rden redan i dag \u00e4r h\u00e5rt belastad.<\/p>\n<p>\u2013\u00a0Vi vet att h\u00e4lso- och sjukv\u00e5rden vid kris eller krig snabbt kan st\u00e4llas inf\u00f6r situationer med m\u00e5nga m\u00e4nniskor i behov av v\u00e5rd. D\u00e5 kan sv\u00e5ra beslut beh\u00f6va fattas under stor tidspress och med begr\u00e4nsade resurser, s\u00e4ger Bj\u00f6rn Eriksson.<\/p>\n<p><strong>Krav p\u00e5 planering <\/strong><\/p>\n<p>Lag\u00e4ndringarna inneb\u00e4r bland annat att kommuner och regioner blir skyldiga att planera f\u00f6r hantering av katastroftillst\u00e5nd och h\u00e4ndelser med ett stort antal skadade. Socialstyrelsen har under flera \u00e5r arbetat med att ta fram st\u00f6d och kunskap, till exempel nationella planer f\u00f6r masskadeh\u00e4ndelser och samordning av sjuktransporter.<\/p>\n<p>Lagen tydligg\u00f6r \u00e4ven att regioner och kommuner m\u00e5ste hj\u00e4lpa varandra n\u00e4r de egna resurserna inte r\u00e4cker till och att st\u00f6d kan beg\u00e4ras och samordnas nationellt av Socialstyrelsen.<\/p>\n<p>\u2013\u00a0Redan idag samarbetar regioner och hj\u00e4lper varandra om behov uppst\u00e5r. Men vid ett akut l\u00e4ge kan mycket sv\u00e5ra prioriteringar bli n\u00f6dv\u00e4ndiga. D\u00e5 \u00e4r det viktigt att k\u00e4nna att st\u00f6d finns och att beslut utg\u00e5r ifr\u00e5n samma grund. Vid h\u00f6jd beredskap eller krig kommer behoven att \u00f6verstiga de resurser som finns tillg\u00e4ngliga.<\/p>\n<p>De nya regleringarna ska skapa tydlighet om vilken v\u00e5rd som m\u00e5ste utf\u00f6ras och vilken kan skjutas upp.<\/p>\n<p>\u2013\u00a0Ingen vill drabbas av katastrofer eller krig, men om v\u00e5rden h\u00e5ller, kan samh\u00e4lle h\u00e5lla. Nu tydligg\u00f6r lagen\u00a0vikten av att v\u00e5rden\u00a0planerar f\u00f6r det h\u00e4r, s\u00e4ger Bj\u00f6rn Eriksson.<\/p>\n","protected":false},"excerpt":{"rendered":"Den 1 januari 2026 tr\u00e4dde lag\u00e4ndringar i kraft som tydligg\u00f6r kommuners, regioners och Socialstyrelsens ansvar f\u00f6r h\u00e4lso- och&hellip;\n","protected":false},"author":2,"featured_media":19390,"comment_status":"","ping_status":"","sticky":false,"template":"","format":"standard","meta":{"footnotes":""},"categories":[12],"tags":[22,23,26,27,17,21,24,25,28,29,15,16,18,34,31,33,32,30,19,20],"class_list":{"0":"post-133954","1":"post","2":"type-post","3":"status-publish","4":"format-standard","5":"has-post-thumbnail","7":"category-sverige","8":"tag-breaking-news","9":"tag-breakingnews","10":"tag-featured-news","11":"tag-featurednews","12":"tag-headlines","13":"tag-huvudnyheter","14":"tag-latest-news","15":"tag-latestnews","16":"tag-main-news","17":"tag-mainnews","18":"tag-news","19":"tag-nyheter","20":"tag-rubriker","21":"tag-se","22":"tag-svenska","23":"tag-sverige","24":"tag-sweden","25":"tag-swedish","26":"tag-top-stories","27":"tag-topstories"},"share_on_mastodon":{"url":"https:\/\/pubeurope.com\/@se\/115886527790144314","error":""},"_links":{"self":[{"href":"https:\/\/www.europesays.com\/se\/wp-json\/wp\/v2\/posts\/133954","targetHints":{"allow":["GET"]}}],"collection":[{"href":"https:\/\/www.europesays.com\/se\/wp-json\/wp\/v2\/posts"}],"about":[{"href":"https:\/\/www.europesays.com\/se\/wp-json\/wp\/v2\/types\/post"}],"author":[{"embeddable":true,"href":"https:\/\/www.europesays.com\/se\/wp-json\/wp\/v2\/users\/2"}],"replies":[{"embeddable":true,"href":"https:\/\/www.europesays.com\/se\/wp-json\/wp\/v2\/comments?post=133954"}],"version-history":[{"count":0,"href":"https:\/\/www.europesays.com\/se\/wp-json\/wp\/v2\/posts\/133954\/revisions"}],"wp:featuredmedia":[{"embeddable":true,"href":"https:\/\/www.europesays.com\/se\/wp-json\/wp\/v2\/media\/19390"}],"wp:attachment":[{"href":"https:\/\/www.europesays.com\/se\/wp-json\/wp\/v2\/media?parent=133954"}],"wp:term":[{"taxonomy":"category","embeddable":true,"href":"https:\/\/www.europesays.com\/se\/wp-json\/wp\/v2\/categories?post=133954"},{"taxonomy":"post_tag","embeddable":true,"href":"https:\/\/www.europesays.com\/se\/wp-json\/wp\/v2\/tags?post=133954"}],"curies":[{"name":"wp","href":"https:\/\/api.w.org\/{rel}","templated":true}]}}