{"id":133955,"date":"2026-01-13T07:07:20","date_gmt":"2026-01-13T07:07:20","guid":{"rendered":"https:\/\/www.europesays.com\/se\/133955\/"},"modified":"2026-01-13T07:07:20","modified_gmt":"2026-01-13T07:07:20","slug":"hanna-thuvik-uttagen-till-os","status":"publish","type":"post","link":"https:\/\/www.europesays.com\/se\/133955\/","title":{"rendered":"Hanna Thuvik uttagen till OS"},"content":{"rendered":"<p class=\"paragraph text-left\"> \u2013 Tiden har g\u00e5tt fort sedan v\u00e5rt senaste OS i Peking, men jag k\u00e4nner ett stort \u201dallt att vinna-sug\u201d inf\u00f6r det som komma skall. Fyra VM-turneringar, m\u00e5nga WEHT-turneringar och ett antal SOK-l\u00e4ger senare \u00e4r min best\u00e4mda uppfattning att den h\u00e4r truppen verkligen kan \u00f6verraska positivt, s\u00e4ger f\u00f6rbundskapten Ulf Lundberg och forts\u00e4tter: <\/p>\n<p class=\"paragraph text-left\"> \u2013 Vi kommer fr\u00e5n en turneringsseger, i kamp mot tre h\u00f6gre rankade lag och dessf\u00f6rinnan en andraplats. Med stor support b\u00e5de hemifr\u00e5n och p\u00e5 plats ska Tre Kronor Dam vara ett lag att \u00e4lska i Milano. <\/p>\n<p class=\"paragraph text-left\"> Truppen best\u00e5r av 23 spelare, f\u00f6rdelade p\u00e5 tre m\u00e5lvakter, sju backar och tretton forwards. Spelarna h\u00e4mtas fr\u00e5n den nationella ligan, SDHL, den nordamerikanska proffsligan, PWHL, samt den amerikanska collegeligan, NCAA. <\/p>\n<p class=\"paragraph text-left\"> Hanna Thuvik tar en plats i truppen och g\u00f6r d\u00e4rmed OS-debut.\u00a0I truppen finns \u00e4ven de forna Bryn\u00e4sspelarna Maja Nyl\u00e9n Persson och Josefin Bouveng. <\/p>\n<p class=\"paragraph text-left\"> <strong>Se en intervju med Hanna om uttagningen h\u00e4r:<\/strong> <\/p>\n","protected":false},"excerpt":{"rendered":"\u2013 Tiden har g\u00e5tt fort sedan v\u00e5rt senaste OS i Peking, men jag k\u00e4nner ett stort \u201dallt att&hellip;\n","protected":false},"author":2,"featured_media":133956,"comment_status":"","ping_status":"","sticky":false,"template":"","format":"standard","meta":{"footnotes":""},"categories":[5],"tags":[22,23,26,27,17,21,24,25,28,29,15,16,18,34,31,33,32,30,19,20],"class_list":{"0":"post-133955","1":"post","2":"type-post","3":"status-publish","4":"format-standard","5":"has-post-thumbnail","7":"category-rubriker","8":"tag-breaking-news","9":"tag-breakingnews","10":"tag-featured-news","11":"tag-featurednews","12":"tag-headlines","13":"tag-huvudnyheter","14":"tag-latest-news","15":"tag-latestnews","16":"tag-main-news","17":"tag-mainnews","18":"tag-news","19":"tag-nyheter","20":"tag-rubriker","21":"tag-se","22":"tag-svenska","23":"tag-sverige","24":"tag-sweden","25":"tag-swedish","26":"tag-top-stories","27":"tag-topstories"},"share_on_mastodon":{"url":"https:\/\/pubeurope.com\/@se\/115886531733383578","error":""},"_links":{"self":[{"href":"https:\/\/www.europesays.com\/se\/wp-json\/wp\/v2\/posts\/133955","targetHints":{"allow":["GET"]}}],"collection":[{"href":"https:\/\/www.europesays.com\/se\/wp-json\/wp\/v2\/posts"}],"about":[{"href":"https:\/\/www.europesays.com\/se\/wp-json\/wp\/v2\/types\/post"}],"author":[{"embeddable":true,"href":"https:\/\/www.europesays.com\/se\/wp-json\/wp\/v2\/users\/2"}],"replies":[{"embeddable":true,"href":"https:\/\/www.europesays.com\/se\/wp-json\/wp\/v2\/comments?post=133955"}],"version-history":[{"count":0,"href":"https:\/\/www.europesays.com\/se\/wp-json\/wp\/v2\/posts\/133955\/revisions"}],"wp:featuredmedia":[{"embeddable":true,"href":"https:\/\/www.europesays.com\/se\/wp-json\/wp\/v2\/media\/133956"}],"wp:attachment":[{"href":"https:\/\/www.europesays.com\/se\/wp-json\/wp\/v2\/media?parent=133955"}],"wp:term":[{"taxonomy":"category","embeddable":true,"href":"https:\/\/www.europesays.com\/se\/wp-json\/wp\/v2\/categories?post=133955"},{"taxonomy":"post_tag","embeddable":true,"href":"https:\/\/www.europesays.com\/se\/wp-json\/wp\/v2\/tags?post=133955"}],"curies":[{"name":"wp","href":"https:\/\/api.w.org\/{rel}","templated":true}]}}