{"id":133957,"date":"2026-01-13T07:09:07","date_gmt":"2026-01-13T07:09:07","guid":{"rendered":"https:\/\/www.europesays.com\/se\/133957\/"},"modified":"2026-01-13T07:09:07","modified_gmt":"2026-01-13T07:09:07","slug":"vill-spela-mot-de-basta","status":"publish","type":"post","link":"https:\/\/www.europesays.com\/se\/133957\/","title":{"rendered":"Vill spela mot de b\u00e4sta"},"content":{"rendered":"<p class=\"sc-c25743f0-0 sc-e37c0145-2 hObFds DQgPn\"><strong>Golfstj\u00e4rnan Brooks Koepka f\u00e5r komma tillbaka till PGA-touren efter att hoppat av LIV-touren, som sponsras av Saudiarabien.<\/strong><\/p>\n<p class=\"sc-c25743f0-0 sc-e37c0145-2 hObFds DQgPn\"><strong>Nu kommenterar Ludvig \u00c5berg nyheten.<\/strong><\/p>\n<blockquote class=\"sc-d641d43c-1 hRLkKT\">\n<p class=\"sc-c25743f0-0 sc-e37c0145-2 hObFds DQgPn\"><strong>Att ha honom tillbaka p\u00e5 PGA-touren kommer definitivt att hj\u00e4lpa oss att spela b\u00e4ttre golf, s\u00e4ger svensken.<\/strong><\/p>\n<\/blockquote>\n<p class=\"sc-c25743f0-0 sc-e37c0145-2 hObFds DQgPn\">\u00c4nda sedan det precis innan jul stod klart att amerikanen Brooks Koepka inte kommer att spela p\u00e5 den penningstinna LIV-touren 2026 har det ryktats om en \u00e5terkomst till PGA-touren i USA.<\/p>\n<p>\u201dKommer vara arga\u201d<\/p>\n<p class=\"sc-c25743f0-0 sc-e37c0145-2 hObFds DQgPn\">P\u00e5 m\u00e5ndagen blev det officiellt att Koepka v\u00e4lkomnas tillbaka. N\u00e4r den svenske v\u00e4rldsstj\u00e4rnan Ludvig \u00c5berg g\u00e4stade PGA-tourens program \u201dThe Drop\u201d n\u00e5gra timmar senare fick han ge sin syn p\u00e5 Koepkas comeback.<\/p>\n<blockquote class=\"sc-d641d43c-1 hRLkKT\">\n<p class=\"sc-c25743f0-0 sc-e37c0145-2 hObFds DQgPn\">Vi vill alla spela mot de b\u00e4sta spelarna och Brooks Koepka \u00e4r definitivt en av dem med sin meritlista, som femfaldig majorvinnare. Att ha honom tillbaka p\u00e5 PGA-touren kommer definitivt att hj\u00e4lpa oss att spela b\u00e4ttre golf, s\u00e4ger \u00c5berg.<\/p>\n<\/blockquote>\n<p class=\"sc-c25743f0-0 sc-e37c0145-2 hObFds DQgPn\">Det \u00e4r inte s\u00e4kert att \u00c5berg talar f\u00f6r alla spelare p\u00e5 PGA-touren. N\u00e4r flera av de st\u00f6rsta stj\u00e4rnorna l\u00e4mnade f\u00f6r LIV f\u00f6r n\u00e5gra \u00e5r sedan r\u00f6rde det upp stora k\u00e4nslor.<\/p>\n<blockquote class=\"sc-d641d43c-1 hRLkKT\">\n<p class=\"sc-c25743f0-0 sc-e37c0145-2 hObFds DQgPn\">Det finns definitivt spelare som \u00e4r glada och definitivt spelare som kommer att vara arga, s\u00e4ger Koepka i en telefonintervju med nyhetsbyr\u00e5n AP.<\/p>\n<\/blockquote>\n<p>\u201dH\u00e5rd bestraffning\u201d<\/p>\n<p class=\"sc-c25743f0-0 sc-e37c0145-2 hObFds DQgPn\">Koepka f\u00e5r betala runt 45 miljoner i en straffavgift. Ett belopp som g\u00e5r till v\u00e4lg\u00f6renhet. Framf\u00f6r allt g\u00e5r han under de n\u00e4rmaste fem \u00e5ren miste om stora bonuspengar som spelarna f\u00e5tt ta del av sedan de blev del\u00e4gare i touren. Om 35-\u00e5ringen levererar p\u00e5 sin tidigare h\u00f6ga niv\u00e5 r\u00e4knar PGA-touren med att Koepka missar int\u00e4kter p\u00e5 runt 460 till 780 miljoner kronor (50\u201385 miljoner dollar).<\/p>\n<blockquote class=\"sc-d641d43c-1 hRLkKT\">\n<p class=\"sc-c25743f0-0 sc-e37c0145-2 hObFds DQgPn\">Det \u00e4r en h\u00e5rd bestraffning ekonomiskt. Jag f\u00f6rst\u00e5r precis varf\u00f6r touren gjorde det \u2013 det \u00e4r meningen att det ska vara sm\u00e4rtsamt, s\u00e4ger Brooks Koepka.<\/p>\n<\/blockquote>\n","protected":false},"excerpt":{"rendered":"Golfstj\u00e4rnan Brooks Koepka f\u00e5r komma tillbaka till PGA-touren efter att hoppat av LIV-touren, som sponsras av Saudiarabien. Nu&hellip;\n","protected":false},"author":2,"featured_media":133958,"comment_status":"","ping_status":"","sticky":false,"template":"","format":"standard","meta":{"footnotes":""},"categories":[68],"tags":[34,111,110,31,33,32,30],"class_list":{"0":"post-133957","1":"post","2":"type-post","3":"status-publish","4":"format-standard","5":"has-post-thumbnail","7":"category-sport","8":"tag-se","9":"tag-sport","10":"tag-sports","11":"tag-svenska","12":"tag-sverige","13":"tag-sweden","14":"tag-swedish"},"share_on_mastodon":{"url":"https:\/\/pubeurope.com\/@se\/115886539546104032","error":""},"_links":{"self":[{"href":"https:\/\/www.europesays.com\/se\/wp-json\/wp\/v2\/posts\/133957","targetHints":{"allow":["GET"]}}],"collection":[{"href":"https:\/\/www.europesays.com\/se\/wp-json\/wp\/v2\/posts"}],"about":[{"href":"https:\/\/www.europesays.com\/se\/wp-json\/wp\/v2\/types\/post"}],"author":[{"embeddable":true,"href":"https:\/\/www.europesays.com\/se\/wp-json\/wp\/v2\/users\/2"}],"replies":[{"embeddable":true,"href":"https:\/\/www.europesays.com\/se\/wp-json\/wp\/v2\/comments?post=133957"}],"version-history":[{"count":0,"href":"https:\/\/www.europesays.com\/se\/wp-json\/wp\/v2\/posts\/133957\/revisions"}],"wp:featuredmedia":[{"embeddable":true,"href":"https:\/\/www.europesays.com\/se\/wp-json\/wp\/v2\/media\/133958"}],"wp:attachment":[{"href":"https:\/\/www.europesays.com\/se\/wp-json\/wp\/v2\/media?parent=133957"}],"wp:term":[{"taxonomy":"category","embeddable":true,"href":"https:\/\/www.europesays.com\/se\/wp-json\/wp\/v2\/categories?post=133957"},{"taxonomy":"post_tag","embeddable":true,"href":"https:\/\/www.europesays.com\/se\/wp-json\/wp\/v2\/tags?post=133957"}],"curies":[{"name":"wp","href":"https:\/\/api.w.org\/{rel}","templated":true}]}}