{"id":133959,"date":"2026-01-13T07:12:07","date_gmt":"2026-01-13T07:12:07","guid":{"rendered":"https:\/\/www.europesays.com\/se\/133959\/"},"modified":"2026-01-13T07:12:07","modified_gmt":"2026-01-13T07:12:07","slug":"apple-fixar-siri-med-hjalp-av-google-svd","status":"publish","type":"post","link":"https:\/\/www.europesays.com\/se\/133959\/","title":{"rendered":"Apple fixar Siri med hj\u00e4lp av Google &#8211; SvD"},"content":{"rendered":"<ol>\n<li><a href=\"https:\/\/news.google.com\/rss\/articles\/CBMickFVX3lxTE1WZlpNd1ZPSktzZlBUZG9XYVhNX0ladmZ5REZSRE1tUVExNUFvd0dXLW81QW1ZQlotZ3ZtY0xWWXlDcnBjNGx4NURWcWpULWpkd3hETzZxbDdSTHlPXzNqNHRSdDJWRTZ3RlpwLWN2NGFzUQ?oc=5\" target=\"_blank\" rel=\"nofollow noopener\">Apple fixar Siri med hj\u00e4lp av Google<\/a>&nbsp;&nbsp;SvD<\/li>\n<li><a href=\"https:\/\/news.google.com\/rss\/articles\/CBMifkFVX3lxTE9zLWVwbHlrbkFyMzcyTjh4dlpGR2EweWJHeGk3TUFCQ3BpVVFSTVRoUlk2N0hOVHVPdUdBcm9KdDhsa1RIV1R2Nk80Yjh5OFA0bGRhNWhQYndONm5CbzhxRlJCTndHQzAwMWVrTTZrNkxtRlV2YUxxeF9vTXdWdw?oc=5\" target=\"_blank\" rel=\"nofollow noopener\">Apples AI-val: Alphabet \u2013 som passerar rekordniv\u00e5<\/a>&nbsp;&nbsp;DI<\/li>\n<li><a href=\"https:\/\/news.google.com\/rss\/articles\/CBMidkFVX3lxTE82R0k0VWFoaFNZeElHSlpQRHJZS29VSmNnQm5FU2dnaFE0RVgtUFBlWXdEdl8xU1ZNQUtqTUZKRkd5b0JjQklYWnRVdmhHMWxrYzFZUUQ3ckZYMk8tbnhKankzSll1bGtxQ256N2c1dWlNMjhiVUE?oc=5\" target=\"_blank\" rel=\"nofollow noopener\">Hur smart kommer Siri med Gemini bli? Marques funderar.<\/a>&nbsp;&nbsp;feber.se<\/li>\n<li><a href=\"https:\/\/news.google.com\/rss\/articles\/CBMiuAFBVV95cUxNTkc1YVMwcUlXbUstSnlROGRiSjV2dVkySnpZV1pwY2hwRkxtc1d0cjh1em1GT1dqZW5jSGZsT2xNb1NMLU9yTm43VzZfVXJZOGk3VThMbXM3LWVFc3JKYnVPczYtcFhHX1I4RnoyQmY5T053NlNxRENXd012Y3R0bmRZWDZPVldua3V3b2RMXy05M2xiMUR0NGl3dVVyRjZQNi1xS0Zna04xTXJKXzRQdUIyVEJNNmdw?oc=5\" target=\"_blank\" rel=\"nofollow noopener\">Siri En stor f\u00f6r\u00e4ndring \u00e4r p\u00e5 g\u00e5ng! Apple officiellt bekr\u00e4ftat samarbete med Google<\/a>&nbsp;&nbsp;Letem sv\u011btem Applem<\/li>\n<li><a href=\"https:\/\/news.google.com\/rss\/articles\/CBMiaEFVX3lxTE9XdTlpc3FoWDJfQk4yN2NIaE10amJPc3puSy0ya3BZN0VHcUlFbzl0WHNtZlpvbWZGSFVVRkV0bWFZeE4yZ2xrRW1FZTQ1QS1MbjVCbkVMS2ZnNkJSX0M1NnlfX051V2hy?oc=5\" target=\"_blank\" rel=\"nofollow noopener\">Siri \u00e4r p\u00e5 v\u00e4g att bli smartare.<\/a>&nbsp;&nbsp;Vietnam.vn<\/li>\n<\/ol>\n","protected":false},"excerpt":{"rendered":"Apple fixar Siri med hj\u00e4lp av Google&nbsp;&nbsp;SvD Apples AI-val: Alphabet \u2013 som passerar rekordniv\u00e5&nbsp;&nbsp;DI Hur smart kommer Siri&hellip;\n","protected":false},"author":2,"featured_media":133960,"comment_status":"","ping_status":"","sticky":false,"template":"","format":"standard","meta":{"footnotes":""},"categories":[65],"tags":[72,70,71,34,31,33,32,30],"class_list":{"0":"post-133959","1":"post","2":"type-post","3":"status-publish","4":"format-standard","5":"has-post-thumbnail","7":"category-ekonomi","8":"tag-business","9":"tag-economy","10":"tag-ekonomi","11":"tag-se","12":"tag-svenska","13":"tag-sverige","14":"tag-sweden","15":"tag-swedish"},"share_on_mastodon":{"url":"https:\/\/pubeurope.com\/@se\/115886551415571655","error":""},"_links":{"self":[{"href":"https:\/\/www.europesays.com\/se\/wp-json\/wp\/v2\/posts\/133959","targetHints":{"allow":["GET"]}}],"collection":[{"href":"https:\/\/www.europesays.com\/se\/wp-json\/wp\/v2\/posts"}],"about":[{"href":"https:\/\/www.europesays.com\/se\/wp-json\/wp\/v2\/types\/post"}],"author":[{"embeddable":true,"href":"https:\/\/www.europesays.com\/se\/wp-json\/wp\/v2\/users\/2"}],"replies":[{"embeddable":true,"href":"https:\/\/www.europesays.com\/se\/wp-json\/wp\/v2\/comments?post=133959"}],"version-history":[{"count":0,"href":"https:\/\/www.europesays.com\/se\/wp-json\/wp\/v2\/posts\/133959\/revisions"}],"wp:featuredmedia":[{"embeddable":true,"href":"https:\/\/www.europesays.com\/se\/wp-json\/wp\/v2\/media\/133960"}],"wp:attachment":[{"href":"https:\/\/www.europesays.com\/se\/wp-json\/wp\/v2\/media?parent=133959"}],"wp:term":[{"taxonomy":"category","embeddable":true,"href":"https:\/\/www.europesays.com\/se\/wp-json\/wp\/v2\/categories?post=133959"},{"taxonomy":"post_tag","embeddable":true,"href":"https:\/\/www.europesays.com\/se\/wp-json\/wp\/v2\/tags?post=133959"}],"curies":[{"name":"wp","href":"https:\/\/api.w.org\/{rel}","templated":true}]}}