{"id":133962,"date":"2026-01-13T07:14:28","date_gmt":"2026-01-13T07:14:28","guid":{"rendered":"https:\/\/www.europesays.com\/se\/133962\/"},"modified":"2026-01-13T07:14:28","modified_gmt":"2026-01-13T07:14:28","slug":"nominera-och-sok-till-kulturpris-idrottspris-och-stipendier","status":"publish","type":"post","link":"https:\/\/www.europesays.com\/se\/133962\/","title":{"rendered":"Nominera och s\u00f6k till kulturpris, idrottspris och stipendier"},"content":{"rendered":"<p>                <a href=\"https:\/\/www.svedala.se\/paverka\/nyheter\/\" class=\"backtolist rs_skip_always\" rel=\"nofollow noopener\" target=\"_blank\">Tillbaka till nyhetslistan<\/a><\/p>\n<p>&#13;<br \/>\n                Publicerad 2026-01-13 kl 08:02&#13;\n            <\/p>\n<p><img loading=\"lazy\" decoding=\"async\" src=\"https:\/\/www.europesays.com\/se\/wp-content\/uploads\/2026\/01\/goransonesson.jpg\" alt=\"\" width=\"840\" height=\"332\"\/>        <\/p>\n<p class=\"maincontent__img--caption\">&#13;<br \/>\n            G\u00f6ran Sonesson (t.v.) tar emot kulturpriset 2024 av Gull-Britt J\u00f6nsson (S), 2:e vice ordf\u00f6rande i Kultur- och Fritidsn\u00e4mnden.&#13;\n        <\/p>\n<p class=\"maincontent__ingress\">Varje \u00e5r uppm\u00e4rksammar vi personer som \u00e4r aktiva inom kultur, idrott och ideellt arbete med barn och unga. N\u00e5gon som gjort n\u00e5got alldeles extra f\u00f6r f\u00f6reningslivet i Svedala kommun. K\u00e4nner du n\u00e5gon, eller \u00e4r det du? Nu g\u00e5r det att nominera eller ans\u00f6ka till \u00e5rets priser och stipendier.<\/p>\n","protected":false},"excerpt":{"rendered":"Tillbaka till nyhetslistan &#13; Publicerad 2026-01-13 kl 08:02&#13; &#13; G\u00f6ran Sonesson (t.v.) tar emot kulturpriset 2024 av Gull-Britt&hellip;\n","protected":false},"author":2,"featured_media":133963,"comment_status":"","ping_status":"","sticky":false,"template":"","format":"standard","meta":{"footnotes":""},"categories":[12],"tags":[22,23,26,27,17,21,24,25,28,29,15,16,18,34,31,33,32,30,19,20],"class_list":{"0":"post-133962","1":"post","2":"type-post","3":"status-publish","4":"format-standard","5":"has-post-thumbnail","7":"category-sverige","8":"tag-breaking-news","9":"tag-breakingnews","10":"tag-featured-news","11":"tag-featurednews","12":"tag-headlines","13":"tag-huvudnyheter","14":"tag-latest-news","15":"tag-latestnews","16":"tag-main-news","17":"tag-mainnews","18":"tag-news","19":"tag-nyheter","20":"tag-rubriker","21":"tag-se","22":"tag-svenska","23":"tag-sverige","24":"tag-sweden","25":"tag-swedish","26":"tag-top-stories","27":"tag-topstories"},"share_on_mastodon":{"url":"https:\/\/pubeurope.com\/@se\/115886559381589333","error":""},"_links":{"self":[{"href":"https:\/\/www.europesays.com\/se\/wp-json\/wp\/v2\/posts\/133962","targetHints":{"allow":["GET"]}}],"collection":[{"href":"https:\/\/www.europesays.com\/se\/wp-json\/wp\/v2\/posts"}],"about":[{"href":"https:\/\/www.europesays.com\/se\/wp-json\/wp\/v2\/types\/post"}],"author":[{"embeddable":true,"href":"https:\/\/www.europesays.com\/se\/wp-json\/wp\/v2\/users\/2"}],"replies":[{"embeddable":true,"href":"https:\/\/www.europesays.com\/se\/wp-json\/wp\/v2\/comments?post=133962"}],"version-history":[{"count":0,"href":"https:\/\/www.europesays.com\/se\/wp-json\/wp\/v2\/posts\/133962\/revisions"}],"wp:featuredmedia":[{"embeddable":true,"href":"https:\/\/www.europesays.com\/se\/wp-json\/wp\/v2\/media\/133963"}],"wp:attachment":[{"href":"https:\/\/www.europesays.com\/se\/wp-json\/wp\/v2\/media?parent=133962"}],"wp:term":[{"taxonomy":"category","embeddable":true,"href":"https:\/\/www.europesays.com\/se\/wp-json\/wp\/v2\/categories?post=133962"},{"taxonomy":"post_tag","embeddable":true,"href":"https:\/\/www.europesays.com\/se\/wp-json\/wp\/v2\/tags?post=133962"}],"curies":[{"name":"wp","href":"https:\/\/api.w.org\/{rel}","templated":true}]}}