{"id":133966,"date":"2026-01-13T07:16:07","date_gmt":"2026-01-13T07:16:07","guid":{"rendered":"https:\/\/www.europesays.com\/se\/133966\/"},"modified":"2026-01-13T07:16:07","modified_gmt":"2026-01-13T07:16:07","slug":"lang-vag-tillbaka-vid-stressrelaterad-sjukskrivning","status":"publish","type":"post","link":"https:\/\/www.europesays.com\/se\/133966\/","title":{"rendered":"L\u00e5ng v\u00e4g tillbaka vid stressrelaterad sjukskrivning"},"content":{"rendered":"<p>share-arrowDela<\/p>\n<p>unsaveSpara<\/p>\n<p>expand-left<\/p>\n<p>helsk\u00e4rm<img decoding=\"async\" class=\"image-asset hyperion-css-u06ts1\" data-test-tag=\"image-asset\" src=\"https:\/\/www.europesays.com\/se\/wp-content\/uploads\/2026\/01\/40a9f488-f2b5-4d4a-8e70-465b5ccf69e3.jpeg\"  alt=\"Stressrelaterad psykisk oh\u00e4lsa st\u00e5r f\u00f6r en allt st\u00f6rre del av den l\u00e4ngre sjukfr\u00e5nvaron. Arkivbild.\"  loading=\"eager\" fetchpriority=\"high\" style=\"aspect-ratio:1900 \/ 1198\"\/>Stressrelaterad psykisk oh\u00e4lsa st\u00e5r f\u00f6r en allt st\u00f6rre del av den l\u00e4ngre sjukfr\u00e5nvaron. Arkivbild. Foto: Claudio Bresciani\/TT<\/p>\n<p class=\"hyperion-css-1shl3oz\" data-test-tag=\"lead-text\">De stressrelaterade sjukskrivningarna minskar n\u00e5got, men ligger fortfarande p\u00e5 en h\u00f6g niv\u00e5. Tre av fyra som blir sjuka av stress \u00e4r kvinnor, visar F\u00f6rs\u00e4kringskassans \u00e5rliga l\u00e4gesrapport.<\/p>\n<p class=\"hyperion-css-1v9qo5x\">Sjukfr\u00e5nvaron \u00e4r h\u00f6gst i kvinnodominerade yrken som omsorg, v\u00e5rd och skola, och nio av tio l\u00e5ngtidssjukskrivna med stressrelaterad psykiatrisk oh\u00e4lsa uppger att det \u00e4r stress och h\u00f6g arbetsbelastning i arbetet som har bidragit till sjukskrivningen.<\/p>\n<p class=\"hyperion-css-1v9qo5x\">Personer som \u00e4r sjukskrivna p\u00e5 grund av stress har dessutom sv\u00e5rare att komma tillbaka i arbete j\u00e4mf\u00f6rt med andra. Sjukskrivningarna blir ofta l\u00e5nga, h\u00e4lften av sjukskrivningarna som \u00e4r l\u00e4ngre \u00e4n 180 dagar utg\u00f6rs av psykiatriska diagnoser.<\/p>\n<p class=\"hyperion-css-1v9qo5x\">Enligt F\u00f6rs\u00e4kringskassans rapport saknas det kunskap om vilka insatser som faktiskt underl\u00e4ttar en h\u00e5llbar \u00e5terg\u00e5ng i arbete. St\u00f6d fr\u00e5n arbetsgivaren \u00e4r viktigt b\u00e5de under sjukskrivningen och n\u00e4r personen ska b\u00f6rja jobba igen, och m\u00e5nga sjukskrivna med stressrelaterad psykisk oh\u00e4lsa upplever arbetsgivarens st\u00f6d som otillr\u00e4ckligt.<\/p>\n<p class=\"hyperion-css-1v9qo5x\">De som uppgav att de fick det st\u00f6d som de beh\u00f6vde fr\u00e5n sin arbetsgivare hade 19 procent h\u00f6gre chans att komma tillbaka i arbete \u00e4n andra.<\/p>\n","protected":false},"excerpt":{"rendered":"share-arrowDela unsaveSpara expand-left helsk\u00e4rmStressrelaterad psykisk oh\u00e4lsa st\u00e5r f\u00f6r en allt st\u00f6rre del av den l\u00e4ngre sjukfr\u00e5nvaron. Arkivbild. Foto:&hellip;\n","protected":false},"author":2,"featured_media":133967,"comment_status":"","ping_status":"","sticky":false,"template":"","format":"standard","meta":{"footnotes":""},"categories":[69],"tags":[113,112,34,31,33,32,30],"class_list":{"0":"post-133966","1":"post","2":"type-post","3":"status-publish","4":"format-standard","5":"has-post-thumbnail","7":"category-halsa","8":"tag-halsa","9":"tag-health","10":"tag-se","11":"tag-svenska","12":"tag-sverige","13":"tag-sweden","14":"tag-swedish"},"share_on_mastodon":{"url":"https:\/\/pubeurope.com\/@se\/115886567142305131","error":""},"_links":{"self":[{"href":"https:\/\/www.europesays.com\/se\/wp-json\/wp\/v2\/posts\/133966","targetHints":{"allow":["GET"]}}],"collection":[{"href":"https:\/\/www.europesays.com\/se\/wp-json\/wp\/v2\/posts"}],"about":[{"href":"https:\/\/www.europesays.com\/se\/wp-json\/wp\/v2\/types\/post"}],"author":[{"embeddable":true,"href":"https:\/\/www.europesays.com\/se\/wp-json\/wp\/v2\/users\/2"}],"replies":[{"embeddable":true,"href":"https:\/\/www.europesays.com\/se\/wp-json\/wp\/v2\/comments?post=133966"}],"version-history":[{"count":0,"href":"https:\/\/www.europesays.com\/se\/wp-json\/wp\/v2\/posts\/133966\/revisions"}],"wp:featuredmedia":[{"embeddable":true,"href":"https:\/\/www.europesays.com\/se\/wp-json\/wp\/v2\/media\/133967"}],"wp:attachment":[{"href":"https:\/\/www.europesays.com\/se\/wp-json\/wp\/v2\/media?parent=133966"}],"wp:term":[{"taxonomy":"category","embeddable":true,"href":"https:\/\/www.europesays.com\/se\/wp-json\/wp\/v2\/categories?post=133966"},{"taxonomy":"post_tag","embeddable":true,"href":"https:\/\/www.europesays.com\/se\/wp-json\/wp\/v2\/tags?post=133966"}],"curies":[{"name":"wp","href":"https:\/\/api.w.org\/{rel}","templated":true}]}}