{"id":133968,"date":"2026-01-13T07:17:19","date_gmt":"2026-01-13T07:17:19","guid":{"rendered":"https:\/\/www.europesays.com\/se\/133968\/"},"modified":"2026-01-13T07:17:19","modified_gmt":"2026-01-13T07:17:19","slug":"traningsmatch-lordag-if-elfsborg","status":"publish","type":"post","link":"https:\/\/www.europesays.com\/se\/133968\/","title":{"rendered":"Tr\u00e4ningsmatch l\u00f6rdag &#8211; IF Elfsborg"},"content":{"rendered":"<p>        <img src=\"https:\/\/www.europesays.com\/se\/wp-content\/uploads\/2026\/01\/1768288638_729_BB260107JJ026.jpg\" class=\"w-full bg-cover object-bottom featured-hero-image wp-post-image\" alt=\"\" decoding=\"async\"\/>              <\/p>\n<p>            Publicerad: 2026-01-12 19:31, Uppdaterad 2026-01-12 19:35<\/p>\n<p><strong>P\u00e5 l\u00f6rdag \u00e4r det dags f\u00f6r herrlaget att spela tr\u00e4ningsmatch p\u00e5 Bor\u00e5s Arena n\u00e4r vi tar emot danska B.93. Det blir \u00e5rets f\u00f6rsta tr\u00e4ningsmatch innan det b\u00e4r av till Spanien och tr\u00e4ningsl\u00e4ger. Vi ses p\u00e5 arenan!<\/strong><\/p>\n<p>L\u00f6rdag 17 januari<strong>\u00a0IF Elfsborg \u2013 B.93,\u00a0<\/strong>Bor\u00e5sArena, kl. 15:00<\/p>\n<p><strong>Entr\u00e9information<\/strong><\/p>\n<p>\u2022 Entr\u00e9: 100 kr vuxen, 50 kr ungdom<br \/>\u2022 Fri entr\u00e9 f\u00f6r barn under 7 \u00e5r<br \/>\u2022 Fri entr\u00e9 f\u00f6r alla med \u00e5rskort 2026<br \/>\u2022 Endast Swishbetalning p\u00e5 plats (inget f\u00f6rk\u00f6p)<\/p>\n<p>Endast Sjuh\u00e4radsl\u00e4ktaren h\u00e5ller \u00f6ppet. V\u00e4lkommen till Bor\u00e5s Arena!<\/p>\n<p>        <img decoding=\"async\" class=\"block mx-auto mb-11\" src=\"https:\/\/elfsborg.se\/wp-content\/themes\/elfsborg\/dist\/images\/logo-ife.svg\" width=\"224\" height=\"186\" alt=\"IF Elfsborg\" loading=\"lazy\"\/><\/p>\n<p class=\"text-center mb-7 text-2sm text font-light\">1904, den 26 juni bildades IF Elfsborg av 19 pojkar i \u00f6vre ton\u00e5ren. F\u00f6reningens namn var d\u00e5 \u201dBor\u00e5s Fotbollslag\u201d.<br \/>1906 blev f\u00f6reningen medlem i Riksidrottsf\u00f6rbundet och namnet \u00e4ndrades samtidigt till IF Elfsborg.<\/p>\n","protected":false},"excerpt":{"rendered":"Publicerad: 2026-01-12 19:31, Uppdaterad 2026-01-12 19:35 P\u00e5 l\u00f6rdag \u00e4r det dags f\u00f6r herrlaget att spela tr\u00e4ningsmatch p\u00e5 Bor\u00e5s&hellip;\n","protected":false},"author":2,"featured_media":133969,"comment_status":"","ping_status":"","sticky":false,"template":"","format":"standard","meta":{"footnotes":""},"categories":[68],"tags":[34,111,110,31,33,32,30],"class_list":{"0":"post-133968","1":"post","2":"type-post","3":"status-publish","4":"format-standard","5":"has-post-thumbnail","7":"category-sport","8":"tag-se","9":"tag-sport","10":"tag-sports","11":"tag-svenska","12":"tag-sverige","13":"tag-sweden","14":"tag-swedish"},"share_on_mastodon":{"url":"https:\/\/pubeurope.com\/@se\/115886571039768705","error":""},"_links":{"self":[{"href":"https:\/\/www.europesays.com\/se\/wp-json\/wp\/v2\/posts\/133968","targetHints":{"allow":["GET"]}}],"collection":[{"href":"https:\/\/www.europesays.com\/se\/wp-json\/wp\/v2\/posts"}],"about":[{"href":"https:\/\/www.europesays.com\/se\/wp-json\/wp\/v2\/types\/post"}],"author":[{"embeddable":true,"href":"https:\/\/www.europesays.com\/se\/wp-json\/wp\/v2\/users\/2"}],"replies":[{"embeddable":true,"href":"https:\/\/www.europesays.com\/se\/wp-json\/wp\/v2\/comments?post=133968"}],"version-history":[{"count":0,"href":"https:\/\/www.europesays.com\/se\/wp-json\/wp\/v2\/posts\/133968\/revisions"}],"wp:featuredmedia":[{"embeddable":true,"href":"https:\/\/www.europesays.com\/se\/wp-json\/wp\/v2\/media\/133969"}],"wp:attachment":[{"href":"https:\/\/www.europesays.com\/se\/wp-json\/wp\/v2\/media?parent=133968"}],"wp:term":[{"taxonomy":"category","embeddable":true,"href":"https:\/\/www.europesays.com\/se\/wp-json\/wp\/v2\/categories?post=133968"},{"taxonomy":"post_tag","embeddable":true,"href":"https:\/\/www.europesays.com\/se\/wp-json\/wp\/v2\/tags?post=133968"}],"curies":[{"name":"wp","href":"https:\/\/api.w.org\/{rel}","templated":true}]}}