{"id":133972,"date":"2026-01-13T07:22:08","date_gmt":"2026-01-13T07:22:08","guid":{"rendered":"https:\/\/www.europesays.com\/se\/133972\/"},"modified":"2026-01-13T07:22:08","modified_gmt":"2026-01-13T07:22:08","slug":"13-januari-08-03-sammanfattning-natt-sodermanlands-lan","status":"publish","type":"post","link":"https:\/\/www.europesays.com\/se\/133972\/","title":{"rendered":"13 januari 08.03, Sammanfattning natt, S\u00f6dermanlands l\u00e4n"},"content":{"rendered":"<p>Polisens regionledningscentral har mellan klockan 22.00-07.00 hanterat ett 40-tal \u00e4renden som r\u00f6r S\u00f6dermanlands l\u00e4n.\u00a0<\/p>\n<p>02:55 Polis och r\u00e4ddningstj\u00e4nst beordrades till Stenby, Eskilstuna, med anledning av en bilbrand vid en fastighet. N\u00e4r polis anl\u00e4nt visade det sig att branden spridit sig fr\u00e5n bilen till ett n\u00e4rliggande garage. R\u00e4ddningstj\u00e4nsten kunde sl\u00e4cka branden och det finns inga uppgifter om personskador. Polisen misst\u00e4nker att branden kan vara anlagd och en anm\u00e4lan om mordbrand samt grovt olaga hot kommer skrivas. Platsen \u00e4r avsp\u00e4rrad f\u00f6r en kriminalteknisk unders\u00f6kning. Det finns ingen gripen eller misst\u00e4nkt i \u00e4rendet.\u00a0<\/p>\n<p>Ut\u00f6ver detta har polisen haft \u00e4renden om rattfylleri, trafikbrott, tv\u00e5 mindre trafikolyckor, viltolyckor, trafikkontroller samt diverse andra kontroller p\u00e5 eget initiativ eller efter larm fr\u00e5n allm\u00e4nheten som inte har lett till n\u00e5got allvarligt.<\/p>\n<p>Inga gr\u00f6vre v\u00e5ldsbrott har kommit till polisens k\u00e4nnedom.<\/p>\n","protected":false},"excerpt":{"rendered":"Polisens regionledningscentral har mellan klockan 22.00-07.00 hanterat ett 40-tal \u00e4renden som r\u00f6r S\u00f6dermanlands l\u00e4n.\u00a0 02:55 Polis och r\u00e4ddningstj\u00e4nst&hellip;\n","protected":false},"author":2,"featured_media":54,"comment_status":"","ping_status":"","sticky":false,"template":"","format":"standard","meta":{"footnotes":""},"categories":[12],"tags":[22,23,26,27,17,21,24,25,28,29,15,16,18,34,31,33,32,30,19,20],"class_list":{"0":"post-133972","1":"post","2":"type-post","3":"status-publish","4":"format-standard","5":"has-post-thumbnail","7":"category-sverige","8":"tag-breaking-news","9":"tag-breakingnews","10":"tag-featured-news","11":"tag-featurednews","12":"tag-headlines","13":"tag-huvudnyheter","14":"tag-latest-news","15":"tag-latestnews","16":"tag-main-news","17":"tag-mainnews","18":"tag-news","19":"tag-nyheter","20":"tag-rubriker","21":"tag-se","22":"tag-svenska","23":"tag-sverige","24":"tag-sweden","25":"tag-swedish","26":"tag-top-stories","27":"tag-topstories"},"share_on_mastodon":{"url":"https:\/\/pubeurope.com\/@se\/115886590848362968","error":""},"_links":{"self":[{"href":"https:\/\/www.europesays.com\/se\/wp-json\/wp\/v2\/posts\/133972","targetHints":{"allow":["GET"]}}],"collection":[{"href":"https:\/\/www.europesays.com\/se\/wp-json\/wp\/v2\/posts"}],"about":[{"href":"https:\/\/www.europesays.com\/se\/wp-json\/wp\/v2\/types\/post"}],"author":[{"embeddable":true,"href":"https:\/\/www.europesays.com\/se\/wp-json\/wp\/v2\/users\/2"}],"replies":[{"embeddable":true,"href":"https:\/\/www.europesays.com\/se\/wp-json\/wp\/v2\/comments?post=133972"}],"version-history":[{"count":0,"href":"https:\/\/www.europesays.com\/se\/wp-json\/wp\/v2\/posts\/133972\/revisions"}],"wp:featuredmedia":[{"embeddable":true,"href":"https:\/\/www.europesays.com\/se\/wp-json\/wp\/v2\/media\/54"}],"wp:attachment":[{"href":"https:\/\/www.europesays.com\/se\/wp-json\/wp\/v2\/media?parent=133972"}],"wp:term":[{"taxonomy":"category","embeddable":true,"href":"https:\/\/www.europesays.com\/se\/wp-json\/wp\/v2\/categories?post=133972"},{"taxonomy":"post_tag","embeddable":true,"href":"https:\/\/www.europesays.com\/se\/wp-json\/wp\/v2\/tags?post=133972"}],"curies":[{"name":"wp","href":"https:\/\/api.w.org\/{rel}","templated":true}]}}