{"id":133973,"date":"2026-01-13T07:23:35","date_gmt":"2026-01-13T07:23:35","guid":{"rendered":"https:\/\/www.europesays.com\/se\/133973\/"},"modified":"2026-01-13T07:23:35","modified_gmt":"2026-01-13T07:23:35","slug":"feds-oberoende-ifragasatts-nar-trumps-justitiedepartement-riktar-in-sig-pa-powell","status":"publish","type":"post","link":"https:\/\/www.europesays.com\/se\/133973\/","title":{"rendered":"Fed:s oberoende ifr\u00e5gas\u00e4tts n\u00e4r Trumps justitiedepartement riktar in sig p\u00e5 Powell"},"content":{"rendered":"<p>Det viktigaste i korthet<\/p>\n<ul class=\"mdc-story-list__mdc mdc-story-list--unordered__mdc mdc-story-body__block__mdc\">\n<li>R\u00e4dslan f\u00f6r att Fed kommer att f\u00f6rlora sin oberoende st\u00e4llning v\u00e4xer efter att det amerikanska justitiedepartementet har st\u00e4mt centralbanken.<\/li>\n<li>Fed-ordf\u00f6rande Powell har utf\u00e4rdat ett uttalande d\u00e4r han s\u00e4ger att penningpolitiken m\u00e5ste fastst\u00e4llas utan politisk \u201dintimidering\u201d. President Trump har f\u00f6rnekat all k\u00e4nnedom om st\u00e4mningarna.<\/li>\n<li>Marknaderna reagerade negativt p\u00e5 nyheten under m\u00e5ndagens handel, och den amerikanska dollarn f\u00f6ll mot b\u00e5de pundet och euron. Priserna p\u00e5 guld och silver steg.<\/li>\n<\/ul>\n<p class=\"mdc-story-body__paragraph__mdc mdc-story-body__paragraph--large__mdc mdc-story-body__block__mdc\">Tvivel om oberoendet hos v\u00e4rldens viktigaste centralbank har \u00f6kat kraftigt sedan i s\u00f6ndags, d\u00e5 Federal Reserves ordf\u00f6rande Jerome Powell <a href=\"https:\/\/www.federalreserve.gov\/newsevents\/speech\/powell20260111a.htm\" tabindex=\"0\" class=\"mdc-link__mdc mdc-link--body__mdc\" rel=\"nofollow noopener\" target=\"_blank\">meddelade<\/a> att det amerikanska justitiedepartementet hade utf\u00e4rdat st\u00e4mningar mot Fed och hotat med en brottsutredning.<\/p>\n<p class=\"mdc-story-body__paragraph__mdc mdc-story-body__paragraph--large__mdc mdc-story-body__block__mdc\">Hotet, som handlar om uttalanden som Powell gjorde inf\u00f6r kongressen n\u00e4r han tillfr\u00e5gades om kostnaderna f\u00f6r renoveringen av Fed:s byggnad, markerar en betydande eskalering i den l\u00e5ngvariga konflikten mellan ordf\u00f6randen och USA:s president Donald Trump. Till <a href=\"https:\/\/www.federalreserve.gov\/newsevents\/speech\/powell20260111a.htm\" tabindex=\"0\" class=\"mdc-link__mdc mdc-link--body__mdc\" rel=\"nofollow noopener\" target=\"_blank\">Powell<\/a> \u00e4r detta ett f\u00f6rs\u00f6k att tvinga fram en penningpolitik som ligger i presidentens intresse. F\u00f6r marknadsakt\u00f6rerna medf\u00f6r detta inflationsrisker.<\/p>\n<p>Varf\u00f6r Federal Reserves oberoende \u00e4r viktigt f\u00f6r marknaderna, ekonomin och din pl\u00e5nbok <a href=\"https:\/\/www.morningstar.com\/markets\/why-feds-independence-matters-markets-economy-your-wallet\" tabindex=\"0\" class=\"mdc-link__mdc mdc-link--no-underline__mdc mdc-story-interstitial-link__link__mdc mdc-story-interstitial-link__link--block__mdc\" rel=\"nofollow noopener\" target=\"_blank\">Varf\u00f6r Federal Reserves oberoende \u00e4r viktigt f\u00f6r marknaderna, ekonomin och din pl\u00e5nbok  <img decoding=\"async\" src=\"https:\/\/www.europesays.com\/se\/wp-content\/uploads\/2026\/01\/AEV3DD236VCWTDQQITH7E2GOCU.png\" alt=\"Collage illustration featuring the Federal Reserve under a magnifying glass with graph elements in the background.\" height=\"80px\" width=\"80px\" class=\"mdc-image mdc-story-interstitial-link__block-image__mdc\"\/><\/a>Hur Trumps press p\u00e5 Powell kan p\u00e5verka Fed:s trov\u00e4rdighet<\/p>\n<p class=\"mdc-story-body__paragraph__mdc mdc-story-body__paragraph--large__mdc mdc-story-body__block__mdc\">\u201dI ett v\u00e4rsta scenario d\u00e4r Trump lyckas och tvingar Federal Reserve att s\u00e4nka r\u00e4ntorna kan Fed:s inflationsm\u00e5l p\u00e5 2% f\u00f6rlora sin trov\u00e4rdighet\u201d, f\u00f6rklarar Morningstars internationella ekonom Grant Slade.<\/p>\n<blockquote class=\"mdc-story-blockquote__mdc mdc-story-blockquote--pull__mdc\">\n<p class=\"mdc-story-body__paragraph__mdc mdc-story-body__paragraph--large__mdc\">Federal Reserves inflationsm\u00e5l p\u00e5 2% kan f\u00f6rlora sin trov\u00e4rdighet.<\/p>\n<p> Grant Slade, Morningstar<\/p><\/blockquote>\n<p class=\"mdc-story-body__paragraph__mdc mdc-story-body__paragraph--large__mdc mdc-story-body__block__mdc\">\u201dDetta skulle i sin tur frig\u00f6ra de l\u00e5ngsiktiga inflationsf\u00f6rv\u00e4ntningarna fr\u00e5n centralbankens inflationsm\u00e5l och g\u00f6ra det betydligt sv\u00e5rare f\u00f6r Fed att kontrollera pris\u00f6kningarna i den amerikanska ekonomin\u201d, s\u00e4ger Slade. \u201dDet skulle kunna leda till st\u00f6rre volatilitet i den amerikanska inflationen fram\u00f6ver och s\u00e4tta press p\u00e5 de l\u00e5nga statsobligationsr\u00e4ntorna, eftersom investerarna skulle kr\u00e4va h\u00f6gre avkastning f\u00f6r att kompensera f\u00f6r de mer os\u00e4kra l\u00e5ngsiktiga inflationsutsikterna.\u201d<\/p>\n<p class=\"mdc-story-body__paragraph__mdc mdc-story-body__paragraph--large__mdc mdc-story-body__block__mdc\">Investerare flockades till guld och dollarn f\u00f6ll mot b\u00e5de euron och pundet under m\u00e5ndagens handel, d\u00e5 investerarna omv\u00e4rderade sina f\u00f6rv\u00e4ntningar p\u00e5 viktiga ekonomiska nyckeltal, inklusive inflation och statsobligationsr\u00e4ntor. I USA sj\u00f6nk marknaderna under den tidiga handeln, med S&amp;P 500-indexet och Morningstar US Market Index b\u00e5da ned 0,1% i USD. Det teknikintensiva Nasdaq 100-indexet f\u00f6ll 0,11%.<\/p>\n<p class=\"mdc-story-body__paragraph__mdc mdc-story-body__paragraph--large__mdc mdc-story-body__block__mdc\">I en kort intervju p\u00e5 s\u00f6ndagskv\u00e4llen verkade president Trump f\u00f6rneka all k\u00e4nnedom om justitiedepartementets st\u00e4mning, som hotar Powell med straffr\u00e4ttsliga \u00e5tg\u00e4rder. Incidenten \u00e4r den senaste i en l\u00e5ng rad politiska ingripanden fr\u00e5n Trump-administrationen r\u00f6rande Fed och Powell.<\/p>\n<p class=\"mdc-story-body__paragraph__mdc mdc-story-body__paragraph--large__mdc mdc-story-body__block__mdc\">Trump har upprepade g\u00e5nger kritiserat ordf\u00f6randen f\u00f6r att inte ha s\u00e4nkt r\u00e4ntorna. F\u00f6rra \u00e5ret f\u00f6rklarade Trump att Powell \u00e4r <a href=\"https:\/\/global.morningstar.com\/en-gb\/economy\/trump-snipes-fed-can-bank-england-stay-independent\" tabindex=\"0\" class=\"mdc-link__mdc mdc-link--body__mdc\" rel=\"nofollow noopener\" target=\"_blank\">\u201cen stor f\u00f6rlorare\u201d<\/a> och kr\u00e4vde hans avg\u00e5ng, men senare sa han att han inte hade \u201cn\u00e5gon avsikt\u201d att sparka den erfarne ekonomen. I augusti <a href=\"https:\/\/global.morningstar.com\/en-gb\/markets\/trumps-pressure-fed-is-just-latest-us-policy-concern-investors\" tabindex=\"0\" class=\"mdc-link__mdc mdc-link--body__mdc\" rel=\"nofollow noopener\" target=\"_blank\">riktade han in sig p\u00e5 en av centralbankens guvern\u00f6rer<\/a>, Lisa Cook, och angav en p\u00e5st\u00e5dd bedr\u00e4glig hypoteksl\u00e5neans\u00f6kan som sk\u00e4l f\u00f6r hennes avskedande. Cook kvarst\u00e5r p\u00e5 sin post mitt i r\u00e4ttsliga \u00e5tg\u00e4rder fr\u00e5n b\u00e5da sidor.<\/p>\n<p class=\"mdc-story-body__paragraph__mdc mdc-story-body__paragraph--large__mdc mdc-story-body__block__mdc\">I en video p\u00e5 s\u00f6ndagskv\u00e4llen beskrev Powell h\u00e4ndelsen i termer av centralbankens framtida oberoende: \u201dDet handlar om huruvida Fed kommer att kunna forts\u00e4tta att fastst\u00e4lla r\u00e4ntor utifr\u00e5n fakta och ekonomiska f\u00f6rh\u00e5llanden, eller om penningpolitiken ist\u00e4llet kommer att styras av politiskt tryck och hot.\u201d<\/p>\n<p> \u00c4r Fed p\u00e5 v\u00e4g att f\u00f6rlora sin oberoende st\u00e4llning?<\/p>\n<p class=\"mdc-story-body__paragraph__mdc mdc-story-body__paragraph--large__mdc mdc-story-body__block__mdc\">Fondf\u00f6rvaltare drar inte f\u00f6rhastade slutsatser om att Trump kommer att s\u00e4tta stopp f\u00f6r Federal Reserves oberoende.<\/p>\n<p class=\"mdc-story-body__paragraph__mdc mdc-story-body__paragraph--large__mdc mdc-story-body__block__mdc\">\u201cTreasury-marknaden har inte r\u00f6rt sig s\u00e4rskilt mycket, delvis eftersom detta inte \u00e4r f\u00f6rsta varningen\u201d, s\u00e4ger Trevor Greetham, chef f\u00f6r multi asset p\u00e5 Royal London Asset Management. \u201cDessutom pekar en svag arbetsmarknad \u00e4nd\u00e5 p\u00e5 ytterligare r\u00e4ntes\u00e4nkningar fr\u00e5n Fed, med en s\u00e4nkning p\u00e5 50 r\u00e4ntepunkter inprisad.\u201d Efter tre r\u00e4ntes\u00e4nkningar under 2025 <a href=\"https:\/\/www.morningstar.com\/markets\/whats-next-fed-2026\" tabindex=\"0\" class=\"mdc-link__mdc mdc-link--body__mdc\" rel=\"nofollow noopener\" target=\"_blank\">f\u00f6rv\u00e4ntar<\/a> sig Fed-bevakare <a href=\"https:\/\/www.morningstar.com\/markets\/whats-next-fed-2026\" tabindex=\"0\" class=\"mdc-link__mdc mdc-link--body__mdc\" rel=\"nofollow noopener\" target=\"_blank\">i allm\u00e4nhet<\/a> en eller tv\u00e5 s\u00e4nkningar under 2026, f\u00f6rutsatt att arbetsmarknaden forts\u00e4tter att svalna och inflationen inte accelererar igen.<\/p>\n<p class=\"mdc-story-body__paragraph__mdc mdc-story-body__paragraph--large__mdc mdc-story-body__block__mdc\">H\u00e4ndelserna i slutet av f\u00f6rra veckan f\u00f6ljer p\u00e5 en rad internationella interventioner fr\u00e5n Trump-administrationen under de f\u00f6rsta dagarna av 2026, med milit\u00e4ra operationer som avsatte Venezuelas president och ytterligare f\u00f6rslag om att den amerikanska regeringen skulle annektera Gr\u00f6nland, vilket orsakade internationell politisk oro. Varje \u00e5tg\u00e4rd verkar ge tyngd \u00e5t uppfattningen att presidenten \u00e4r villig att eskalera komplexa situationer i str\u00e4van efter en agenda som s\u00e4tter Amerika f\u00f6rst.<\/p>\n<p class=\"mdc-story-body__paragraph__mdc mdc-story-body__paragraph--large__mdc mdc-story-body__block__mdc\">St\u00e4mningen kommer ocks\u00e5 samtidigt som Fed s\u00f6ker efter sin n\u00e4sta ledare n\u00e4r Powells mandatperiod l\u00f6per ut i maj. Ekonom Kevin Hassett, som i stort sett delar Trumps politiska \u00e5sikter, ses som en favorit. \u201dF\u00f6r att vinna Trumps nominering m\u00e5ste Powells eftertr\u00e4dare lova presidenten att han kommer att l\u00e4tta p\u00e5 penningpolitiken p\u00e5 ett betydande s\u00e4tt\u201d, s\u00e4ger Mark Allan, seniorekonom p\u00e5 BNP Paribas Asset Management. \u201dOrdf\u00f6randen \u00e4r dock bara en av flera medlemmar i FOMC. Han kommer inte att kunna g\u00e5 in p\u00e5 sitt f\u00f6rsta Fed-m\u00f6te och beordra resten av kommitt\u00e9n att s\u00e4nka r\u00e4ntorna. Men han kommer alltid att inta en duvaktig h\u00e5llning i alla politiska diskussioner. N\u00e4r Fed st\u00e5r inf\u00f6r ett sv\u00e5rt val mellan att s\u00e4nka r\u00e4ntorna eller inte, kan investerarna r\u00e4kna med att n\u00e4sta ordf\u00f6rande sannolikt kommer att verka f\u00f6r billigare pengar.\u201d<\/p>\n<p class=\"mdc-story-body__paragraph__mdc mdc-story-body__paragraph--large__mdc mdc-story-body__block__mdc\">Analytiker f\u00f6rv\u00e4ntar sig inte att st\u00e4mningarna kommer att f\u00f6r\u00e4ndra Fed:s politik i n\u00e5gon st\u00f6rre utstr\u00e4ckning, men de kan komplicera situationen f\u00f6r n\u00e4sta ordf\u00f6rande. \u201c\u00c4ven om vi inte tror att detta kommer att f\u00f6r\u00e4ndra den kortsiktiga penningpolitiken, kommer det att g\u00f6ra det mycket sv\u00e5rare f\u00f6r n\u00e4sta Fed-ordf\u00f6rande att skapa konsensus bland de 19 medlemmarna i Federal Open Market Committee\u201d, skrev Wells Fargo-ekonomer p\u00e5 m\u00e5ndagen. Mycket beror ocks\u00e5 p\u00e5 om Powell stannar kvar i Fed efter att han l\u00e4mnat ordf\u00f6randeposten; hans mandat som guvern\u00f6r i FOMC l\u00f6per inte ut f\u00f6rr\u00e4n 2028.<\/p>\n<p class=\"mdc-story-body__paragraph__mdc mdc-story-body__paragraph--large__mdc mdc-story-body__block__mdc\">\u201dDet \u00e4r sv\u00e5rt att s\u00e4ga om Fed kommer att f\u00f6r\u00e4ndras under en ny ordf\u00f6rande. Det beror ocks\u00e5 p\u00e5 om Powell stannar kvar i kommitt\u00e9n och om hypoteksl\u00e5ne\u00e4rendet ger Trump ytterligare en skalp\u201d, s\u00e4ger Greetham.<\/p>\n<p class=\"mdc-story-body__paragraph__mdc mdc-story-body__paragraph--large__mdc mdc-story-body__block__mdc\">Andra ser denna eskalering som en del av en l\u00e5ngsiktig politisk plan f\u00f6r att st\u00e4rka presidentens popularitet. \u201dSammantaget utg\u00f6r dessa \u00e5tg\u00e4rder ett ber\u00e4knat f\u00f6rs\u00f6k att skapa en mer gynnsam ekonomisk situation fram till mitten av 2026, st\u00e4rka populariteten och minska risken f\u00f6r valf\u00f6rluster som skulle kunna f\u00f6rsvaga presidenten politiskt under resten av hans mandatperiod\u201d, s\u00e4ger Patrick Farrell, investeringschef p\u00e5 Charles Stanley.<\/p>\n<p>Vad skulle ett slut p\u00e5 Fed:s oberoende inneb\u00e4ra f\u00f6r inflationen?<\/p>\n<p class=\"mdc-story-body__paragraph__mdc mdc-story-body__paragraph--large__mdc mdc-story-body__block__mdc\">P\u00e5 l\u00e4ngre sikt ger os\u00e4kerheten kring Fed:s oberoende ekonomer allvarliga sk\u00e4l att oroa sig f\u00f6r inflationsprognoser och ekonomiska nyckeltal. \u201dDet \u00f6kande trycket som Trump ut\u00f6var p\u00e5 Fed \u00e4r ett utm\u00e4rkt exempel p\u00e5 vad ekonomer kallar \u2019tidsinkonsistensproblemet\u2019\u201d, s\u00e4ger Slade p\u00e5 Morningstar. \u201dPenningpolitiken p\u00e5verkar den ekonomiska aktiviteten \u2013 och d\u00e4rmed prisutvecklingen \u2013 med l\u00e5nga och varierande eftersl\u00e4pningar. Detta leder i sin tur till en risk att en centralbank som st\u00e5r under politiskt inflytande v\u00e4ljer att prioritera kortsiktig ekonomisk tillv\u00e4xt p\u00e5 bekostnad av l\u00e5ngsiktig prisstabilitet.\u201d<\/p>\n<p class=\"mdc-story-body__paragraph__mdc mdc-story-body__paragraph--large__mdc mdc-story-body__block__mdc\">Slade forts\u00e4tter: \u201dD\u00e4remot \u00e4r oberoende centralbanker mer ben\u00e4gna \u00e4n politiker att anv\u00e4nda penningpolitiken f\u00f6r att d\u00e4mpa inflationen p\u00e5 bekostnad av den kortsiktiga ekonomiska aktiviteten och syssels\u00e4ttningsniv\u00e5n, vilket st\u00e4rker argumentet f\u00f6r centralbankernas oberoende.\u201d<\/p>\n<p class=\"mdc-story-body__paragraph__mdc mdc-story-body__paragraph--large__mdc mdc-story-body__block__mdc\">Detta s\u00e4tter fokus p\u00e5 fr\u00e5gan om den ekonomiska tillv\u00e4xten och recessionsrisken i USA. \u201dCentralbanken kan hamna i den f\u00f6ga avundsv\u00e4rda situationen att beh\u00f6va iscens\u00e4tta en \u201dh\u00e5rdlandning\u201d (en recession) f\u00f6r att bek\u00e4mpa inflationstrycket i ett f\u00f6rs\u00f6k att \u00e5terst\u00e4lla trov\u00e4rdigheten f\u00f6r sitt inflationsm\u00e5l p\u00e5 2% \u2013 n\u00e5got som den inte n\u00f6dv\u00e4ndigtvis skulle beh\u00f6va g\u00f6ra\u202fom dess oberoende fr\u00e5n den verkst\u00e4llande makten inte hade kr\u00e4nkts\u201d, s\u00e4ger Slade.<\/p>\n<p>F\u00f6rfattaren eller f\u00f6rfattarna \u00e4ger inga aktier i de v\u00e4rdepapper som n\u00e4mns i denna artikel. L\u00e4s mer om <a href=\"https:\/\/global.morningstar.com\/sv\/policyer\/morningstars-redaktionella-policy\" tabindex=\"0\" target=\"_blank\" class=\"mdc-link__mdc mdc-link--body__mdc\" rel=\"nofollow noopener\"><br \/>\n\t\t\t\t\t\t\t\t\tMorningstars redaktionella policy.<br \/>\n\t\t\t\t\t\t\t\t<\/a><\/p>\n","protected":false},"excerpt":{"rendered":"Det viktigaste i korthet R\u00e4dslan f\u00f6r att Fed kommer att f\u00f6rlora sin oberoende st\u00e4llning v\u00e4xer efter att det&hellip;\n","protected":false},"author":2,"featured_media":133974,"comment_status":"","ping_status":"","sticky":false,"template":"","format":"standard","meta":{"footnotes":""},"categories":[5],"tags":[22,23,26,27,17,21,24,25,28,29,15,16,18,34,31,33,32,30,19,20],"class_list":{"0":"post-133973","1":"post","2":"type-post","3":"status-publish","4":"format-standard","5":"has-post-thumbnail","7":"category-rubriker","8":"tag-breaking-news","9":"tag-breakingnews","10":"tag-featured-news","11":"tag-featurednews","12":"tag-headlines","13":"tag-huvudnyheter","14":"tag-latest-news","15":"tag-latestnews","16":"tag-main-news","17":"tag-mainnews","18":"tag-news","19":"tag-nyheter","20":"tag-rubriker","21":"tag-se","22":"tag-svenska","23":"tag-sverige","24":"tag-sweden","25":"tag-swedish","26":"tag-top-stories","27":"tag-topstories"},"share_on_mastodon":{"url":"https:\/\/pubeurope.com\/@se\/115886594739720265","error":""},"_links":{"self":[{"href":"https:\/\/www.europesays.com\/se\/wp-json\/wp\/v2\/posts\/133973","targetHints":{"allow":["GET"]}}],"collection":[{"href":"https:\/\/www.europesays.com\/se\/wp-json\/wp\/v2\/posts"}],"about":[{"href":"https:\/\/www.europesays.com\/se\/wp-json\/wp\/v2\/types\/post"}],"author":[{"embeddable":true,"href":"https:\/\/www.europesays.com\/se\/wp-json\/wp\/v2\/users\/2"}],"replies":[{"embeddable":true,"href":"https:\/\/www.europesays.com\/se\/wp-json\/wp\/v2\/comments?post=133973"}],"version-history":[{"count":0,"href":"https:\/\/www.europesays.com\/se\/wp-json\/wp\/v2\/posts\/133973\/revisions"}],"wp:featuredmedia":[{"embeddable":true,"href":"https:\/\/www.europesays.com\/se\/wp-json\/wp\/v2\/media\/133974"}],"wp:attachment":[{"href":"https:\/\/www.europesays.com\/se\/wp-json\/wp\/v2\/media?parent=133973"}],"wp:term":[{"taxonomy":"category","embeddable":true,"href":"https:\/\/www.europesays.com\/se\/wp-json\/wp\/v2\/categories?post=133973"},{"taxonomy":"post_tag","embeddable":true,"href":"https:\/\/www.europesays.com\/se\/wp-json\/wp\/v2\/tags?post=133973"}],"curies":[{"name":"wp","href":"https:\/\/api.w.org\/{rel}","templated":true}]}}