{"id":133977,"date":"2026-01-13T07:25:11","date_gmt":"2026-01-13T07:25:11","guid":{"rendered":"https:\/\/www.europesays.com\/se\/133977\/"},"modified":"2026-01-13T07:25:11","modified_gmt":"2026-01-13T07:25:11","slug":"sa-ska-solberg-bli-stor-i-hela-sverige-viktigt-att-bygga-upp-hajpen-nwt","status":"publish","type":"post","link":"https:\/\/www.europesays.com\/se\/133977\/","title":{"rendered":"S\u00e5 ska Solberg bli stor i hela Sverige: \u201dViktigt att bygga upp hajpen\u201d &#8211; NWT"},"content":{"rendered":"<ol>\n<li><a href=\"https:\/\/news.google.com\/rss\/articles\/CBMipwFBVV95cUxNdHduT0NfM0tkM0Zqa185WGVwaEVIUS1QQ1o3b0pzZjQ4OXVxNlk1QTNCNXNHZjRlcVdzSndBZ21KVU9nOWZvd3lWeHFySGplRENjYkJqYTEtRlF4d1VLWjRoeHFadWF0X2Yzd3VDeFhfVmt3ckFGVUc0SzZvWHA2d0RkM2ZrcmIyQXBnNWhYNzJydFhhSk5ZdmdYS1NwN1Q1eVJ3ck1jNA?oc=5\" target=\"_blank\" rel=\"nofollow noopener\">S\u00e5 ska Solberg bli stor i hela Sverige: \u201dViktigt att bygga upp hajpen\u201d<\/a>&nbsp;&nbsp;NWT<\/li>\n<li><a href=\"https:\/\/news.google.com\/rss\/articles\/CBMigAFBVV95cUxQeXZZcHpTcmlnMzE0UDFaV2d4WE5MNnYtUW1QTWxsenh4OUFhRGFqRGVWUmVZYXl5NGtveE5xbnhXYmVPYlotbkJNNkJKczFpSUxDYXBDczZLMElKNG9TSlRqQkVtamZVWTFNLXFnV0pLdHlrcG9OYjA2X3JQbk03Ng?oc=5\" target=\"_blank\" rel=\"nofollow noopener\">Rally: Rally-VM 2026: Alla f\u00f6rare och alla t\u00e4vlingar<\/a>&nbsp;&nbsp;SVT Nyheter<\/li>\n<li><a href=\"https:\/\/news.google.com\/rss\/articles\/CBMimgFBVV95cUxQSjUzOEJyRjIxUDdXaHZBMmZFTU15NFV2Zk1VRzlOVG90dTRBNmxUOUI1cHR0cVdFTC1NUUlIaHV0TGIwVms3VEJCTjlPNlE5RG1pWTQwNHFMRmtlUEhOM0N2RTgzUDFLYUl2TzBja3FEaG5VaTlsVDhZM1ZfT1R0bDN2TF9TQjV3dG0yR3E3czdqU2FaQ2NwYWtB?oc=5\" target=\"_blank\" rel=\"nofollow noopener\">Solberg hoppas p\u00e5 fj\u00e4rde raka vinsten i Ume\u00e5 \u2013 nu i h\u00f6gsta klassen<\/a>&nbsp;&nbsp;Sveriges Radio<\/li>\n<li><a href=\"https:\/\/news.google.com\/rss\/articles\/CBMijgFBVV95cUxPY1dzV0dJOEM5NzdzdU5NODBYTlhicG1mbGw5dXkwYUZnOEVVZUx0ZTJGQ3FsU1I4QWtGSHF5VWFEV1ZEVG9VZTdsOVoxbFBYUW1iRTBQNTNzanhGa0xYX1hkRWFuSjFGVExmTGtTRFIzczNNR1NEWjNTTktab3JmbmJGdy1pWUhaWTdoS29B?oc=5\" target=\"_blank\" rel=\"nofollow noopener\">Oliver Solberg har allt f\u00f6r att bli v\u00e4rldsm\u00e4stare i rally | Anders Lindblad<\/a>&nbsp;&nbsp;SvD<\/li>\n<li><a href=\"https:\/\/news.google.com\/rss\/articles\/CBMia0FVX3lxTE1CR0RzdmJIMDhCcHU1R1VIeGczMWVoSlhac0c4dXU3UzZ2TWJzZE41T0ZJM0JQQlhmYUttbDBFLUxkNmNyOGRxVWQyN2h3S3JUZXM4Vmo1WTRrYUdFWkQ3S1RNTTB3aEZuT3A0?oc=5\" target=\"_blank\" rel=\"nofollow noopener\">Toyota Gazoo Racing visar GR Yaris Rally1 f\u00f6r WRC s\u00e4songen 2026.<\/a>&nbsp;&nbsp;emotorsport<\/li>\n<\/ol>\n","protected":false},"excerpt":{"rendered":"S\u00e5 ska Solberg bli stor i hela Sverige: \u201dViktigt att bygga upp hajpen\u201d&nbsp;&nbsp;NWT Rally: Rally-VM 2026: Alla f\u00f6rare&hellip;\n","protected":false},"author":2,"featured_media":133978,"comment_status":"","ping_status":"","sticky":false,"template":"","format":"standard","meta":{"footnotes":""},"categories":[68],"tags":[34,111,110,31,33,32,30],"class_list":{"0":"post-133977","1":"post","2":"type-post","3":"status-publish","4":"format-standard","5":"has-post-thumbnail","7":"category-sport","8":"tag-se","9":"tag-sport","10":"tag-sports","11":"tag-svenska","12":"tag-sverige","13":"tag-sweden","14":"tag-swedish"},"share_on_mastodon":{"url":"https:\/\/pubeurope.com\/@se\/115886602529480814","error":""},"_links":{"self":[{"href":"https:\/\/www.europesays.com\/se\/wp-json\/wp\/v2\/posts\/133977","targetHints":{"allow":["GET"]}}],"collection":[{"href":"https:\/\/www.europesays.com\/se\/wp-json\/wp\/v2\/posts"}],"about":[{"href":"https:\/\/www.europesays.com\/se\/wp-json\/wp\/v2\/types\/post"}],"author":[{"embeddable":true,"href":"https:\/\/www.europesays.com\/se\/wp-json\/wp\/v2\/users\/2"}],"replies":[{"embeddable":true,"href":"https:\/\/www.europesays.com\/se\/wp-json\/wp\/v2\/comments?post=133977"}],"version-history":[{"count":0,"href":"https:\/\/www.europesays.com\/se\/wp-json\/wp\/v2\/posts\/133977\/revisions"}],"wp:featuredmedia":[{"embeddable":true,"href":"https:\/\/www.europesays.com\/se\/wp-json\/wp\/v2\/media\/133978"}],"wp:attachment":[{"href":"https:\/\/www.europesays.com\/se\/wp-json\/wp\/v2\/media?parent=133977"}],"wp:term":[{"taxonomy":"category","embeddable":true,"href":"https:\/\/www.europesays.com\/se\/wp-json\/wp\/v2\/categories?post=133977"},{"taxonomy":"post_tag","embeddable":true,"href":"https:\/\/www.europesays.com\/se\/wp-json\/wp\/v2\/tags?post=133977"}],"curies":[{"name":"wp","href":"https:\/\/api.w.org\/{rel}","templated":true}]}}