{"id":133981,"date":"2026-01-13T07:30:22","date_gmt":"2026-01-13T07:30:22","guid":{"rendered":"https:\/\/www.europesays.com\/se\/133981\/"},"modified":"2026-01-13T07:30:22","modified_gmt":"2026-01-13T07:30:22","slug":"nya-larare-forbereds-inte-for-skolans-vardag","status":"publish","type":"post","link":"https:\/\/www.europesays.com\/se\/133981\/","title":{"rendered":"Nya l\u00e4rare f\u00f6rbereds inte f\u00f6r skolans vardag"},"content":{"rendered":"<p>Sverige st\u00e5r inf\u00f6r stora utmaningar med skolans kompetensf\u00f6rs\u00f6rjning. Samtidigt har l\u00e4raryrket f\u00f6r\u00e4ndrats i grunden under det senaste decenniet. L\u00e4rare f\u00f6rv\u00e4ntas i dag inte bara undervisa, utan \u00e4ven hantera psykisk oh\u00e4lsa bland elever, komplexa sociala situationer och ett st\u00f6rre ansvar f\u00f6r trygghet och studiero. Trots detta \u00e4r l\u00e4rarutbildningen i stora delar utformad som om yrket vore of\u00f6r\u00e4ndrat.<\/p>\n<p>L\u00e4rarutbildningen har minst l\u00e4rarledd tid<\/p>\n<p>I den skolpolitiska debatten diskuteras ofta l\u00e4rarnas arbetsbelastning, l\u00f6ner och status. Mindre uppm\u00e4rksamhet \u00e4gnas \u00e5t l\u00e4rarutbildningen \u2013 trots att det \u00e4r d\u00e4r grunden l\u00e4ggs f\u00f6r om l\u00e4rare ska ha f\u00f6ruts\u00e4ttningar att fungera l\u00e5ngsiktigt i yrket. F\u00f6r\u00e4ndringar i l\u00e4rarutbildningen beslutas p\u00e5 statlig niv\u00e5, men konsekvenserna av bristande f\u00f6rberedelse hanteras dagligen av kommunala och frist\u00e5ende huvudm\u00e4n.<\/p>\n<blockquote class=\"quote right\"><p>&#13;<\/p>\n<p>Om l\u00e4rarutbildningen ska fungera som ett effektivt verktyg f\u00f6r skolans kompetensf\u00f6rs\u00f6rjning kr\u00e4vs f\u00f6r\u00e4ndringar<\/p>\n<p>&#13;<br \/>\n  <b\/>&#13;\n<\/p><\/blockquote>\n<p>I dag \u00e4r l\u00e4rarutbildningen den h\u00f6gskoleutbildning i Sverige med minst l\u00e4rarledd tid, i ett system d\u00e4r svensk h\u00f6gre utbildning redan har bland de l\u00e4gsta niv\u00e5erna av l\u00e4rarkontakt i Europa. Det h\u00e4r \u00e4r ett problem f\u00f6r en professionsutbildning som kr\u00e4ver ledarskap, relationskompetens och praktisk f\u00e4rdighetstr\u00e4ning. F\u00f6r huvudm\u00e4nnen inneb\u00e4r det att nyexaminerade l\u00e4rare ofta beh\u00f6ver omfattande introduktion och st\u00f6d, vilket p\u00e5verkar b\u00e5de kostnader och personaloms\u00e4ttning.<\/p>\n<p>L\u00e4rarrollen har f\u00f6rskjutits<\/p>\n<p>Erfarenheter fr\u00e5n Beatastiftelsen, kompletterat med rapporter och statistik om skolans utveckling, visar hur l\u00e4raryrkets inneh\u00e5ll successivt f\u00f6rskjutits. L\u00e4rare beskriver mer utmanande beteenden i klassrummet, \u00f6kande psykisk oh\u00e4lsa bland elever och ett v\u00e4xande ansvar f\u00f6r socialt arbete och f\u00f6r\u00e4ldrakontakter. Skolan \u00e4r i dag b\u00e5de en kunskapsinstitution och en central social arena \u2013 utan att utbildningens inneh\u00e5ll fullt ut speglar detta.<\/p>\n<p>Om l\u00e4rarutbildningen ska fungera som ett effektivt verktyg f\u00f6r skolans kompetensf\u00f6rs\u00f6rjning kr\u00e4vs f\u00f6r\u00e4ndringar. Statliga utredningar har pekat p\u00e5 behovet av mer skoln\u00e4ra undervisningsmetoder, fler evidensbaserade arbetss\u00e4tt och mindre fokus p\u00e5 abstrakt teori. D\u00e4rtill beh\u00f6ver den l\u00e4rarledda tiden \u00f6ka, och ledarskap samt relationskompetens ges en tydligare och examinerad plats i utbildningen.<\/p>\n<p>L\u00e4rarutbildningen \u00e4r inte bara en professionsfr\u00e5ga, utan en central del av skolans styrkedja. Om utbildningen inte speglar yrkets faktiska krav riskerar b\u00e5de undervisningens kvalitet och l\u00e4raryrkets l\u00e5ngsiktiga h\u00e5llbarhet att f\u00f6rsvagas.<\/p>\n","protected":false},"excerpt":{"rendered":"Sverige st\u00e5r inf\u00f6r stora utmaningar med skolans kompetensf\u00f6rs\u00f6rjning. Samtidigt har l\u00e4raryrket f\u00f6r\u00e4ndrats i grunden under det senaste decenniet.&hellip;\n","protected":false},"author":2,"featured_media":133982,"comment_status":"","ping_status":"","sticky":false,"template":"","format":"standard","meta":{"footnotes":""},"categories":[12],"tags":[22,23,26,27,17,21,24,25,28,29,15,16,18,34,31,33,32,30,19,20],"class_list":{"0":"post-133981","1":"post","2":"type-post","3":"status-publish","4":"format-standard","5":"has-post-thumbnail","7":"category-sverige","8":"tag-breaking-news","9":"tag-breakingnews","10":"tag-featured-news","11":"tag-featurednews","12":"tag-headlines","13":"tag-huvudnyheter","14":"tag-latest-news","15":"tag-latestnews","16":"tag-main-news","17":"tag-mainnews","18":"tag-news","19":"tag-nyheter","20":"tag-rubriker","21":"tag-se","22":"tag-svenska","23":"tag-sverige","24":"tag-sweden","25":"tag-swedish","26":"tag-top-stories","27":"tag-topstories"},"share_on_mastodon":{"url":"https:\/\/pubeurope.com\/@se\/115886622153845406","error":""},"_links":{"self":[{"href":"https:\/\/www.europesays.com\/se\/wp-json\/wp\/v2\/posts\/133981","targetHints":{"allow":["GET"]}}],"collection":[{"href":"https:\/\/www.europesays.com\/se\/wp-json\/wp\/v2\/posts"}],"about":[{"href":"https:\/\/www.europesays.com\/se\/wp-json\/wp\/v2\/types\/post"}],"author":[{"embeddable":true,"href":"https:\/\/www.europesays.com\/se\/wp-json\/wp\/v2\/users\/2"}],"replies":[{"embeddable":true,"href":"https:\/\/www.europesays.com\/se\/wp-json\/wp\/v2\/comments?post=133981"}],"version-history":[{"count":0,"href":"https:\/\/www.europesays.com\/se\/wp-json\/wp\/v2\/posts\/133981\/revisions"}],"wp:featuredmedia":[{"embeddable":true,"href":"https:\/\/www.europesays.com\/se\/wp-json\/wp\/v2\/media\/133982"}],"wp:attachment":[{"href":"https:\/\/www.europesays.com\/se\/wp-json\/wp\/v2\/media?parent=133981"}],"wp:term":[{"taxonomy":"category","embeddable":true,"href":"https:\/\/www.europesays.com\/se\/wp-json\/wp\/v2\/categories?post=133981"},{"taxonomy":"post_tag","embeddable":true,"href":"https:\/\/www.europesays.com\/se\/wp-json\/wp\/v2\/tags?post=133981"}],"curies":[{"name":"wp","href":"https:\/\/api.w.org\/{rel}","templated":true}]}}