{"id":133983,"date":"2026-01-13T07:33:13","date_gmt":"2026-01-13T07:33:13","guid":{"rendered":"https:\/\/www.europesays.com\/se\/133983\/"},"modified":"2026-01-13T07:33:13","modified_gmt":"2026-01-13T07:33:13","slug":"andersson-fick-sallskap-av-noa-gaudreau-efter-traning-i-columbus","status":"publish","type":"post","link":"https:\/\/www.europesays.com\/se\/133983\/","title":{"rendered":"Andersson fick s\u00e4llskap av Noa Gaudreau efter tr\u00e4ning i Columbus"},"content":{"rendered":"<p>Noa hade p\u00e5 sig en h\u00e4ftig Flames-jacka och var lite kameraskygg under presskonferensen med Andersson (i det h\u00e4r fallet, Farbror Razzy) men den stora nyheten under dagen var att Noa tidigare hade delat \u2013 inte bara en \u2013 utan tv\u00e5 godisklubbor med Andersson.<\/p>\n<p>Andersson var n\u00e4ra v\u00e4n till Johnny och familjen Gaudreau. De spelade ihop i Calgary mellan 2016 och 2022. Johnny skrev sedan p\u00e5 ett kontrakt med Blue Jackets som free agent.<\/p>\n<p>P\u00e5 presskonferensen ber\u00e4ttade Andersson att han spenderade hela s\u00f6ndagen med Johnnys fru Meredith och deras tre barn Noa, Johnny Jr., och Carter.<\/p>\n<p>\u2013 Det \u00e4r verkligen speciellt att komma hit och tr\u00e4ffa dem. Det fyller ens hj\u00e4rta. Speciellt n\u00e4r man inte kan tr\u00e4ffa dem regelbundet, s\u00e5 man ser till att g\u00f6ra det varje g\u00e5ng man f\u00e5r m\u00f6jlighet, sa Andersson.<\/p>\n<p>Andersson sa ocks\u00e5 att det hade g\u00e5tt n\u00e4stan ett \u00e5r sedan han senast tr\u00e4ffade familjen.<\/p>\n<p>\u2013 De har v\u00e4xt lite och Carter var inte ens f\u00f6dd n\u00e4r jag var h\u00e4r senast.<\/p>\n<p>\u2013 Det \u00e4r j\u00e4tteroligt att tr\u00e4ffa dem h\u00e4r. De ger alla ett leende p\u00e5 l\u00e4pparna n\u00e4r de \u00e4r h\u00e4r, absolut.<\/p>\n","protected":false},"excerpt":{"rendered":"Noa hade p\u00e5 sig en h\u00e4ftig Flames-jacka och var lite kameraskygg under presskonferensen med Andersson (i det h\u00e4r&hellip;\n","protected":false},"author":2,"featured_media":133984,"comment_status":"","ping_status":"","sticky":false,"template":"","format":"standard","meta":{"footnotes":""},"categories":[68],"tags":[34,111,110,31,33,32,30],"class_list":{"0":"post-133983","1":"post","2":"type-post","3":"status-publish","4":"format-standard","5":"has-post-thumbnail","7":"category-sport","8":"tag-se","9":"tag-sport","10":"tag-sports","11":"tag-svenska","12":"tag-sverige","13":"tag-sweden","14":"tag-swedish"},"share_on_mastodon":{"url":"https:\/\/pubeurope.com\/@se\/115886633970991598","error":""},"_links":{"self":[{"href":"https:\/\/www.europesays.com\/se\/wp-json\/wp\/v2\/posts\/133983","targetHints":{"allow":["GET"]}}],"collection":[{"href":"https:\/\/www.europesays.com\/se\/wp-json\/wp\/v2\/posts"}],"about":[{"href":"https:\/\/www.europesays.com\/se\/wp-json\/wp\/v2\/types\/post"}],"author":[{"embeddable":true,"href":"https:\/\/www.europesays.com\/se\/wp-json\/wp\/v2\/users\/2"}],"replies":[{"embeddable":true,"href":"https:\/\/www.europesays.com\/se\/wp-json\/wp\/v2\/comments?post=133983"}],"version-history":[{"count":0,"href":"https:\/\/www.europesays.com\/se\/wp-json\/wp\/v2\/posts\/133983\/revisions"}],"wp:featuredmedia":[{"embeddable":true,"href":"https:\/\/www.europesays.com\/se\/wp-json\/wp\/v2\/media\/133984"}],"wp:attachment":[{"href":"https:\/\/www.europesays.com\/se\/wp-json\/wp\/v2\/media?parent=133983"}],"wp:term":[{"taxonomy":"category","embeddable":true,"href":"https:\/\/www.europesays.com\/se\/wp-json\/wp\/v2\/categories?post=133983"},{"taxonomy":"post_tag","embeddable":true,"href":"https:\/\/www.europesays.com\/se\/wp-json\/wp\/v2\/tags?post=133983"}],"curies":[{"name":"wp","href":"https:\/\/api.w.org\/{rel}","templated":true}]}}