{"id":133985,"date":"2026-01-13T07:36:17","date_gmt":"2026-01-13T07:36:17","guid":{"rendered":"https:\/\/www.europesays.com\/se\/133985\/"},"modified":"2026-01-13T07:36:17","modified_gmt":"2026-01-13T07:36:17","slug":"lanserar-en-chatgpt-som-personlig-halsoradgivare","status":"publish","type":"post","link":"https:\/\/www.europesays.com\/se\/133985\/","title":{"rendered":"Lanserar en ChatGPT som personlig h\u00e4lsor\u00e5dgivare"},"content":{"rendered":"<p>ChatGPT Health \u00e4r namnet p\u00e5 den nya h\u00e4lsospecialiserade del av ChatGPT som <a href=\"https:\/\/openai.com\/index\/introducing-chatgpt-health\/\" rel=\"nofollow noopener\" target=\"_blank\">Open AI nu lanserar<\/a>. Anv\u00e4ndaren kan koppla ihop den med sina h\u00e4lsoappar och ibland \u00e4ven sjukv\u00e5rdsjournaler f\u00f6r att skapa en personlig h\u00e4lsor\u00e5dgivare. Eller som Open AI sj\u00e4lva skriver \u201den specialanpassad upplevelse som p\u00e5 ett tryggt s\u00e4tt sammanf\u00f6r din h\u00e4lsoinformation och ChatGPT:s intelligens, f\u00f6r att hj\u00e4lpa dig k\u00e4nna dig mer informerad, f\u00f6rberedd och s\u00e4ker n\u00e4r du navigerar din h\u00e4lsa\u201d.<\/p>\n<p><strong>ChatGPT Health testas<\/strong> just nu i mindre grupper av tidiga anv\u00e4ndare och kommer sedan inom n\u00e5gra m\u00e5nader att rullas ut i de flesta st\u00f6rre l\u00e4nder d\u00e4r ChatGPT finns. Det kommer dock att dr\u00f6ja ett tag innan den dyker upp i Europa eftersom den f\u00f6rst m\u00e5ste anpassas till bland annat EU:s reglering om medicinteknik, AI och h\u00e4lsodata.<\/p>\n<p>H\u00e4lsoanpassad ChatGPT<\/p>\n<p>Enligt en <a href=\"https:\/\/cdn.openai.com\/pdf\/2cb29276-68cd-4ec6-a5f4-c01c5e7a36e9\/OpenAI-AI-as-a-Healthcare-Ally-Jan-2026.pdf\" rel=\"nofollow noopener\" target=\"_blank\">rapport fr\u00e5n Open AI <\/a>st\u00e4ller omkring 230 miljoner m\u00e4nniskor i v\u00e4rlden varje vecka fr\u00e5gor till ChatGPT om l\u00e4kemedel, sjukdomsbesv\u00e4r och andra h\u00e4lsofr\u00e5gor. Nu bygger f\u00f6retaget vidare p\u00e5 detta stora h\u00e4lsointresse med ChatGPT Health. Tanken \u00e4r att anv\u00e4ndaren h\u00e4r ska kunna samla sin h\u00e4lsoinformation fr\u00e5n till exempel appar, portaler och medicinska anteckningar.<\/p>\n<p><strong>P\u00e5 s\u00e5 vis<\/strong> f\u00e5r man en personlig h\u00e4lso-chattbot. Enligt Open AI g\u00f6r denna personliga anpassning att \u201dsvaren blir mer relevanta och anv\u00e4ndbara f\u00f6r dig\u201d. F\u00f6retaget framh\u00e5ller att tj\u00e4nsten utvecklats i samarbete med l\u00e4kare men inte \u00e4r till f\u00f6r att ers\u00e4tta medicinsk v\u00e5rd. I st\u00e4llet ska anv\u00e4ndarna f\u00e5 en mer aktiv roll n\u00e4r det g\u00e4ller den egna h\u00e4lsan och till exempel bli b\u00e4ttre f\u00f6rberedda inf\u00f6r l\u00e4karbes\u00f6ket.<\/p>\n<p>F\u00f6retagets information om lanseringen \u00e4gnar ocks\u00e5 stort utrymme \u00e5t s\u00e4kerhet och integritet. Specialbyggd teknisk avgr\u00e4nsning fr\u00e5n resten av ChatGPT och s\u00e4rskild kryptering ska f\u00f6rhindra att andra f\u00e5r tillg\u00e5ng till den privata h\u00e4lsoinformationen. Open AI skriver ocks\u00e5 att chattarna i ChatGPT Health inte kommer att anv\u00e4ndas f\u00f6r att tr\u00e4na f\u00f6retagets \u00f6vriga spr\u00e5kmodeller.<\/p>\n<p>Europa \u00e4nnu undantaget<\/p>\n<p>Den nya chattboten kommer att introduceras i USA och de flesta andra stora l\u00e4nder d\u00e4r ChatGPT redan finns. Men inte i EU, Island, Liechtenstein, Norge, Schweiz eller Storbritannien.<\/p>\n<p><strong>Att Europa \u00e4n<\/strong> s\u00e5 l\u00e4nge \u00e4r uteslutet beror enligt nyhetstj\u00e4nsterna <a href=\"https:\/\/www.euractiv.com\/news\/chatgpt-gears-up-to-tap-into-users-health-information\/\" rel=\"nofollow noopener\" target=\"_blank\">Euractive<\/a> och <a href=\"https:\/\/www.euronews.com\/next\/2026\/01\/08\/open-ai-launches-dedicated-chatgpt-health-feature-with-medical-record-integrations\" rel=\"nofollow noopener\" target=\"_blank\">Euronews <\/a>p\u00e5 att lagstiftningen i m\u00e5nga stycken \u00e4r str\u00e4ngare h\u00e4r. Det g\u00e4ller bland annat EU:s AI-f\u00f6rordning och EU-regleringen i GDPR av hanteringen av k\u00e4nsliga personuppgifter. Det kan g\u00f6ra det juridiskt mer komplext att lansera ChatGPT Health h\u00e4r.<\/p>\n<p>Nyhetstj\u00e4nsterna n\u00e4mner inte EU:s medicintekniska lagstiftning i MDR, men \u00e4ven den skulle kunna komma in i bilden om AI-tj\u00e4nsten exempelvis st\u00f6djer medicinska beslut. I s\u00e5 fall st\u00e4ller medicinteknikregleringen krav p\u00e5 CE-m\u00e4rkning, klinisk evidens och kontinuerlig uppf\u00f6ljning efter lanseringen.<\/p>\n","protected":false},"excerpt":{"rendered":"ChatGPT Health \u00e4r namnet p\u00e5 den nya h\u00e4lsospecialiserade del av ChatGPT som Open AI nu lanserar. Anv\u00e4ndaren kan&hellip;\n","protected":false},"author":2,"featured_media":133986,"comment_status":"","ping_status":"","sticky":false,"template":"","format":"standard","meta":{"footnotes":""},"categories":[65],"tags":[72,6942,70,71,464,34,31,33,32,30],"class_list":{"0":"post-133985","1":"post","2":"type-post","3":"status-publish","4":"format-standard","5":"has-post-thumbnail","7":"category-ekonomi","8":"tag-business","9":"tag-chatgpt","10":"tag-economy","11":"tag-ekonomi","12":"tag-open-ai","13":"tag-se","14":"tag-svenska","15":"tag-sverige","16":"tag-sweden","17":"tag-swedish"},"share_on_mastodon":{"url":"https:\/\/pubeurope.com\/@se\/115886645746144981","error":""},"_links":{"self":[{"href":"https:\/\/www.europesays.com\/se\/wp-json\/wp\/v2\/posts\/133985","targetHints":{"allow":["GET"]}}],"collection":[{"href":"https:\/\/www.europesays.com\/se\/wp-json\/wp\/v2\/posts"}],"about":[{"href":"https:\/\/www.europesays.com\/se\/wp-json\/wp\/v2\/types\/post"}],"author":[{"embeddable":true,"href":"https:\/\/www.europesays.com\/se\/wp-json\/wp\/v2\/users\/2"}],"replies":[{"embeddable":true,"href":"https:\/\/www.europesays.com\/se\/wp-json\/wp\/v2\/comments?post=133985"}],"version-history":[{"count":0,"href":"https:\/\/www.europesays.com\/se\/wp-json\/wp\/v2\/posts\/133985\/revisions"}],"wp:featuredmedia":[{"embeddable":true,"href":"https:\/\/www.europesays.com\/se\/wp-json\/wp\/v2\/media\/133986"}],"wp:attachment":[{"href":"https:\/\/www.europesays.com\/se\/wp-json\/wp\/v2\/media?parent=133985"}],"wp:term":[{"taxonomy":"category","embeddable":true,"href":"https:\/\/www.europesays.com\/se\/wp-json\/wp\/v2\/categories?post=133985"},{"taxonomy":"post_tag","embeddable":true,"href":"https:\/\/www.europesays.com\/se\/wp-json\/wp\/v2\/tags?post=133985"}],"curies":[{"name":"wp","href":"https:\/\/api.w.org\/{rel}","templated":true}]}}