{"id":133990,"date":"2026-01-13T07:42:09","date_gmt":"2026-01-13T07:42:09","guid":{"rendered":"https:\/\/www.europesays.com\/se\/133990\/"},"modified":"2026-01-13T07:42:09","modified_gmt":"2026-01-13T07:42:09","slug":"urpremiar-for-sonetter-ett-visuellt-och-musikaliskt-allkonstverk-i-regi-av-kenneth-kvarnstrom","status":"publish","type":"post","link":"https:\/\/www.europesays.com\/se\/133990\/","title":{"rendered":"Urpremi\u00e4r f\u00f6r sonetter \u2013 ett visuellt och musikaliskt allkonstverk i regi av Kenneth Kvarnstr\u00f6m"},"content":{"rendered":"<p>\n          Pressmeddelande &#8211;<br \/>\n13 Januari 2026 08:24<\/p>\n<p>    Dela<\/p>\n<p>\n          L\u00e4nk kopierad!\n        <\/p>\n<p>          <a class=\"ghost-btn-with-icon svg-stroke\" rel=\"nofollow noopener\" aria-label=\"Ladda ned som PDF\" href=\"https:\/\/www.mynewsdesk.com\/se\/goteborgs_stadsteater_ab\/pressreleases\/urpremiaer-foer-sonetter-ett-visuellt-och-musikaliskt-allkonstverk-i-regi-av-kenneth-kvarnstroem-3425289.pdf\" target=\"_blank\"><\/p>\n<p>            Ladda ner<br \/>\n<\/a>      <\/p>\n<p><strong>En sprakande fusion av teater, dans och musik v\u00e4ntar publiken, som f\u00e5r m\u00f6ta sonetter och njuta av en sinnlig resa genom poesins landskap, fr\u00e5n 1600-talet till v\u00e5r egen tid. Koreografen och regiss\u00f6ren Kenneth Kvarnstr\u00f6m har utg\u00e5tt fr\u00e5n Shakespeares ber\u00f6mda diktverk n\u00e4r han tillsammans med videokonstn\u00e4ren och ljusdesignern Joonas Tikkanen skapat ett allkonstverk f\u00f6r Studion. Urpremi\u00e4r fredag 16 januari.<\/strong><\/p>\n<p>\u2013 Kenneth Kvarnstr\u00f6m \u00e4r en unik scenkonstn\u00e4r med ett helt eget r\u00f6relsespr\u00e5k. Jag vet ingen annan som s\u00e5 innerligt kan gestalta l\u00e4ngtan, \u00f6mhet, sk\u00f6rhet och poesi, s\u00e4ger Linda Zachrison, konstn\u00e4rlig chef f\u00f6r G\u00f6teborgs Stadsteater.<\/p>\n<p>Trots flera hundra \u00e5r p\u00e5 nacken \u00e4r sonetterna med sina existentiella reflektioner \u00f6ver k\u00e4rlek, identitet och livets f\u00f6rg\u00e4nglighet, fulla av liv. I olika tabl\u00e5er s\u00e4tts 27 av de 154 sonetterna i nya sammanhang, som ett slags livskris p\u00e5 blankvers. sonetter framf\u00f6rs p\u00e5 svenska och engelska.<\/p>\n<p>\u2013 sonetter \u00e4r ett scenkonstverk i shakespeariansk anda d\u00e4r vi blandar text, musik och dans, ingen konstform \u00e4r viktigare \u00e4n den andra. Jag hoppas att publiken v\u00e5gar lita p\u00e5 sig sj\u00e4lv, det finns ingenting som \u00e4r r\u00e4tt eller fel h\u00e4r i hur man tolkar f\u00f6rest\u00e4llningen, s\u00e4ger Kenneth Kvarnstr\u00f6m.<\/p>\n<p>Med sig har Kenneth Kvarnstr\u00f6m bland andra den internationellt framst\u00e5ende lutenisten <strong>Jonas Nordberg<\/strong>. Duon forts\u00e4tter h\u00e4r sitt m\u00e5ng\u00e5riga och konst\u00f6verskridande samarbete. I f\u00f6rest\u00e4llningen framf\u00f6r Nordberg flera stycken av bland andra John Dowland och Henry Purcell men h\u00e4r finns ocks\u00e5 b\u00e5de Bryan Ferrys och Rufus Wainwrights moderna tons\u00e4ttningar av sonetter. <\/p>\n<p>Jonas Nordberg ser vi ocks\u00e5 som akt\u00f6r i f\u00f6rest\u00e4llningen tillsammans med <strong>Karin de Frumerie<\/strong>, <strong>Emil Ljungestig<\/strong> och <strong>Maria Salomaa<\/strong> fr\u00e5n teaterns ensemble. Tillbaka efter succ\u00e9n med Communion \u00e4r ocks\u00e5 <strong>Philip Zand\u00e9n<\/strong>. Dessutom medverkar en av Europas fr\u00e4msta dansare, <strong>Rachel McNamee<\/strong> fr\u00e5n G\u00f6teborgsOperans danskompani.<\/p>\n<p><strong>Kenneth Kvarnstr\u00f6m<\/strong> \u00e4r en av Nordens fr\u00e4msta koreografer inom samtida dans. Han har bland annat varit chef f\u00f6r Dansens hus i Stockholm och danschef p\u00e5 Kulturhuset Stadsteatern i Stockholm. Han har ocks\u00e5 skapat en l\u00e5ng rad verk f\u00f6r scener runt om i v\u00e4rlden. 2023 gjorde Kenneth Kvarnstr\u00f6m stor succ\u00e9 p\u00e5 G\u00f6teborgsOperan med 12 songs i samarbete med <strong>Ane Brun<\/strong> och operans danskompani.<\/p>\n<p><strong>Joonas Tikkanen<\/strong> \u00e4r ljus- och videodesigner och scenograf med basen i Helsingfors. Han har arbetat s\u00e5v\u00e4l i Finland som internationellt sedan 2005 och har bland annat skapat ljusdesign till en l\u00e5ng rad produktioner inom dans, teater, musik, cirkus och installationskonst. <\/p>\n<p><strong>Jonas Nordberg<\/strong> har som lutenist och teorbist turnerat i \u00f6ver 25 l\u00e4nder. Han kombinerar barockmusik med nutida uttryck och samarbetar s\u00e5v\u00e4l med barockensembler som med moderna orkestrar runt om i Europa. Tillsammans med Kenneth Kvarnstr\u00f6m har Jonas Nordberg bland annat skapat verken sofa(r) f\u00f6r Kulturhuset Stadsteatern och stolen, en samproduktion med Orionteatern.<\/p>\n<p>L\u00e4s mer om sonetter <a href=\"https:\/\/stadsteatern.goteborg.se\/pa-scen\/2025-2026\/sonetter\/\" rel=\"nofollow noopener\" target=\"_blank\"><strong>h\u00e4r<\/strong><\/a>.<br \/>F\u00f6r pressbilder, se <a href=\"https:\/\/stadsteatern.goteborg.se\/press\/pressbilder\/forestallningar\/sonetter\/\" rel=\"nofollow noopener\" target=\"_blank\"><strong>h\u00e4r<\/strong><\/a>.<\/p>\n<p><strong>sonetter<\/strong><br \/>Urpremi\u00e4r 16 januari p\u00e5 Studion<br \/>Av: William Shakespeare<br \/>\u00d6vers\u00e4ttning: Lena R Nilsson<br \/>Regi: Kenneth Kvarnstr\u00f6m<br \/>Akt\u00f6rer: Karin de Frumerie, Emil Ljungestig, Rachel McNamee, Jonas Nordberg, Maria Salomaa, Philip Zand\u00e9n<br \/>Scenografi och kostymdesign: Kenneth Kvarnstr\u00f6m <br \/>Ljus- och videodesign och scenografi: Joonas Tikkanen<br \/>Maskdesign: Katrin Lind<br \/>Ljuddesign: Dan Andersson <br \/>Textcoach: Johan Gry<\/p>\n<p>F\u00f6r mer information<br \/>Ann Waldeborn<br \/>Tfn 076-843 40 12<br \/><a href=\"https:\/\/www.mynewsdesk.com\/se\/goteborgs_stadsteater_ab\/pressreleases\/mailto:ann.waldeborn@stadsteatern.goteborg.se\" target=\"_blank\" rel=\"nofollow noopener\">ann.waldeborn@stadsteatern.goteborg.se<\/a><\/p>\n<p>Maria Rogstad<br \/>Marknads- och kommunikationschef<br \/>Tel 072-211 93 39<br \/><a href=\"https:\/\/www.mynewsdesk.com\/se\/goteborgs_stadsteater_ab\/pressreleases\/mailto:maria.rogstad.norberg@stadsteatern.goteborg.se\" target=\"_blank\" rel=\"nofollow noopener\">maria.rogstad.norberg@stadsteatern.goteborg.se<\/a><\/p>\n","protected":false},"excerpt":{"rendered":"Pressmeddelande &#8211; 13 Januari 2026 08:24 Dela L\u00e4nk kopierad! Ladda ner En sprakande fusion av teater, dans och&hellip;\n","protected":false},"author":2,"featured_media":133991,"comment_status":"","ping_status":"","sticky":false,"template":"","format":"standard","meta":{"footnotes":""},"categories":[67],"tags":[13595,104,13593,13594,13597,13598,13599,13591,13596,34,13592,31,33,32,30,105,3581],"class_list":{"0":"post-133990","1":"post","2":"type-post","3":"status-publish","4":"format-standard","5":"has-post-thumbnail","7":"category-underhallning","8":"tag-emil-ljungestig","9":"tag-entertainment","10":"tag-jonas-nordberg","11":"tag-joonas-tikkanen","12":"tag-karin-de-frumerie","13":"tag-kenneth-kvarnstrom","14":"tag-maria-salomaa","15":"tag-philip-zanden","16":"tag-rachel-mcnamee","17":"tag-se","18":"tag-sonetter","19":"tag-svenska","20":"tag-sverige","21":"tag-sweden","22":"tag-swedish","23":"tag-underhallning","24":"tag-william-shakespeare"},"share_on_mastodon":{"url":"https:\/\/pubeurope.com\/@se\/115886669333976536","error":""},"_links":{"self":[{"href":"https:\/\/www.europesays.com\/se\/wp-json\/wp\/v2\/posts\/133990","targetHints":{"allow":["GET"]}}],"collection":[{"href":"https:\/\/www.europesays.com\/se\/wp-json\/wp\/v2\/posts"}],"about":[{"href":"https:\/\/www.europesays.com\/se\/wp-json\/wp\/v2\/types\/post"}],"author":[{"embeddable":true,"href":"https:\/\/www.europesays.com\/se\/wp-json\/wp\/v2\/users\/2"}],"replies":[{"embeddable":true,"href":"https:\/\/www.europesays.com\/se\/wp-json\/wp\/v2\/comments?post=133990"}],"version-history":[{"count":0,"href":"https:\/\/www.europesays.com\/se\/wp-json\/wp\/v2\/posts\/133990\/revisions"}],"wp:featuredmedia":[{"embeddable":true,"href":"https:\/\/www.europesays.com\/se\/wp-json\/wp\/v2\/media\/133991"}],"wp:attachment":[{"href":"https:\/\/www.europesays.com\/se\/wp-json\/wp\/v2\/media?parent=133990"}],"wp:term":[{"taxonomy":"category","embeddable":true,"href":"https:\/\/www.europesays.com\/se\/wp-json\/wp\/v2\/categories?post=133990"},{"taxonomy":"post_tag","embeddable":true,"href":"https:\/\/www.europesays.com\/se\/wp-json\/wp\/v2\/tags?post=133990"}],"curies":[{"name":"wp","href":"https:\/\/api.w.org\/{rel}","templated":true}]}}