{"id":133996,"date":"2026-01-13T07:47:08","date_gmt":"2026-01-13T07:47:08","guid":{"rendered":"https:\/\/www.europesays.com\/se\/133996\/"},"modified":"2026-01-13T07:47:08","modified_gmt":"2026-01-13T07:47:08","slug":"storskarv-ska-bekampas-pa-oar-i-stockholms-skargard","status":"publish","type":"post","link":"https:\/\/www.europesays.com\/se\/133996\/","title":{"rendered":"Storskarv ska bek\u00e4mpas p\u00e5 \u00f6ar i Stockholms sk\u00e4rg\u00e5rd"},"content":{"rendered":"<p>            <img width=\"2048\" height=\"1365\" src=\"https:\/\/www.europesays.com\/se\/wp-content\/uploads\/2026\/01\/JNYTI8BD05WASUH.jpg\" class=\"attachment-full size-full\" alt=\"\" decoding=\"async\" fetchpriority=\"high\"  \/><\/p>\n<p id=\"caption-attachment-243691\" class=\"wp-caption-text\">L\u00e4nsstyrelsen i Stockholms l\u00e4n har gett tillst\u00e5nd till oljering av skarv\u00e4gg p\u00e5 \u00f6ar i Stockholms sk\u00e4rg\u00e5rd. Foto: Johan Bjurer \/ Mostphotos<\/p>\n<p data-beyondwords-marker=\"141f5475-d513-4fb2-92e1-3618fd4bd963\">Stockholms l\u00e4ns fiskarf\u00f6rbund har ans\u00f6kt om \u00e5tg\u00e4rden. Man motiverar den med att l\u00e4nets viktigaste fiskevatten finns i Stockholms sk\u00e4rg\u00e5rd och \u00f6stra M\u00e4laren, och att skarvarnas predation har en betydande negativ p\u00e5verkan p\u00e5 det kustn\u00e4ra fiskbest\u00e5ndet. <\/p>\n<p data-beyondwords-marker=\"4519bd8c-623b-4f1b-8515-6691848301e2\">Man kr\u00e4ver omfattande \u00e5tg\u00e4rder f\u00f6r att bland annat st\u00e4rka rovfiskbest\u00e5nden och skapa f\u00f6ruts\u00e4ttningar f\u00f6r en f\u00f6rb\u00e4ttrad ekologisk balans i ber\u00f6rda kustomr\u00e5den.\u00a0<\/p>\n<p data-beyondwords-marker=\"0e92c972-894a-4084-87a4-58480b68c002\"><a href=\"https:\/\/svenskjakt.se\/tag\/lansstyrelsen\/\" class=\"tag-link\" aria-label=\"L\u00e4nsstyrelsen\" rel=\"nofollow noopener\" target=\"_blank\">L\u00e4nsstyrelsen<\/a> i <a href=\"https:\/\/svenskjakt.se\/tag\/stockholm\/\" class=\"tag-link\" aria-label=\"Stockholms l\u00e4n\" rel=\"nofollow noopener\" target=\"_blank\">Stockholms l\u00e4n<\/a> delar den uppfattningen.\u00a0<\/p>\n<p data-beyondwords-marker=\"edbdcda6-2917-4683-b232-d669e4660d7b\">\u201dF\u00f6r\u00a0att n\u00e5\u00a0uppsatta\u00a0m\u00e5l ska\u00a0L\u00e4nsstyrelsen jobba\u00a0f\u00f6r att\u00a0minska antalet skarvar\u00a0i\u00a0Stockholms sk\u00e4rg\u00e5rd\u00a0i\u00a0proportion\u00a0till\u00a0de\u00a0skador\u00a0skarven\u00a0orsakar utan\u00a0atthota\u00a0dess\u00a0bevarandestatus.\u00a0I\u00a0f\u00f6rvaltningsplanen\u00a0uppges\u00a0att\u00a0antalet skarvbon\u00a0kan\u00a0minskas\u00a0till\u00a03 000\u00a0senast\u00a0till\u00a0\u00e5r\u00a02030 utan\u00a0att\u00a0\u00e4ventyra gynnsambevarandestatus\u00a0f\u00f6r\u00a0arten,\u201d\u00a0skriver l\u00e4nsstyrelsen i beslutet.<\/p>\n<p data-beyondwords-marker=\"9486c1e7-7c77-4c77-80b5-47151d98de3f\">Det handlar om 1\u00a0462 skarvbon p\u00e5 \u00f6arna V\u00e4stersk\u00e4r i Danderyds kommun och 802 bon p\u00e5 \u00f6ar p\u00e5 \u00d6stra Tr\u00e4lhavsgrundet i \u00d6ster\u00e5kers kommun som som ber\u00f6rs av beslutet. Minst 15 procent av alla observerade skarvbon med \u00e4gg inom n\u00e5bar h\u00f6jd ska l\u00e4mnas or\u00f6rda, men i \u00f6vrigt \u00e4r syftet att \u00e4ggen inte ska kl\u00e4ckas.\u00a0<\/p>\n<p data-beyondwords-marker=\"121eda89-b0af-40b3-97f8-59ceee999078\">Oljering f\u00e5r ske vid h\u00f6gst tre tillf\u00e4llen p\u00e5 varje \u00f6, och med h\u00f6gst 15 dagars intervall. Or\u00f6rda bon ska markeras och \u00e5tg\u00e4rden f\u00e5r bara riktas mot reden d\u00e4r det inte finns kl\u00e4ckta \u00e4gg.<\/p>\n<p data-beyondwords-marker=\"a95c22ef-af09-46fe-b352-ec74b568fc27\">Om berguv, fiskljuse, havs\u00f6rn eller skr\u00e4nt\u00e4rna h\u00e4ckar p\u00e5 \u00f6n f\u00e5r inte oljering genomf\u00f6ras.<\/p>\n<p data-beyondwords-marker=\"bcd9826d-6471-4ccc-860e-2135a47a8906\">Beslutet g\u00e4ller fram till och med den 31 maj i \u00e5r.<\/p>\n<p>\nMissa ingenting \u2013 f\u00e5 Svensk Jakts nyheter i din mejlbox<br \/>\nNyhetsbrevet skickas ut varje vardag.<\/p>\n","protected":false},"excerpt":{"rendered":"L\u00e4nsstyrelsen i Stockholms l\u00e4n har gett tillst\u00e5nd till oljering av skarv\u00e4gg p\u00e5 \u00f6ar i Stockholms sk\u00e4rg\u00e5rd. Foto: Johan&hellip;\n","protected":false},"author":2,"featured_media":133997,"comment_status":"","ping_status":"","sticky":false,"template":"","format":"standard","meta":{"footnotes":""},"categories":[5],"tags":[22,23,26,27,17,21,24,25,28,29,15,16,18,34,31,33,32,30,19,20],"class_list":{"0":"post-133996","1":"post","2":"type-post","3":"status-publish","4":"format-standard","5":"has-post-thumbnail","7":"category-rubriker","8":"tag-breaking-news","9":"tag-breakingnews","10":"tag-featured-news","11":"tag-featurednews","12":"tag-headlines","13":"tag-huvudnyheter","14":"tag-latest-news","15":"tag-latestnews","16":"tag-main-news","17":"tag-mainnews","18":"tag-news","19":"tag-nyheter","20":"tag-rubriker","21":"tag-se","22":"tag-svenska","23":"tag-sverige","24":"tag-sweden","25":"tag-swedish","26":"tag-top-stories","27":"tag-topstories"},"share_on_mastodon":{"url":"https:\/\/pubeurope.com\/@se\/115886688995366461","error":""},"_links":{"self":[{"href":"https:\/\/www.europesays.com\/se\/wp-json\/wp\/v2\/posts\/133996","targetHints":{"allow":["GET"]}}],"collection":[{"href":"https:\/\/www.europesays.com\/se\/wp-json\/wp\/v2\/posts"}],"about":[{"href":"https:\/\/www.europesays.com\/se\/wp-json\/wp\/v2\/types\/post"}],"author":[{"embeddable":true,"href":"https:\/\/www.europesays.com\/se\/wp-json\/wp\/v2\/users\/2"}],"replies":[{"embeddable":true,"href":"https:\/\/www.europesays.com\/se\/wp-json\/wp\/v2\/comments?post=133996"}],"version-history":[{"count":0,"href":"https:\/\/www.europesays.com\/se\/wp-json\/wp\/v2\/posts\/133996\/revisions"}],"wp:featuredmedia":[{"embeddable":true,"href":"https:\/\/www.europesays.com\/se\/wp-json\/wp\/v2\/media\/133997"}],"wp:attachment":[{"href":"https:\/\/www.europesays.com\/se\/wp-json\/wp\/v2\/media?parent=133996"}],"wp:term":[{"taxonomy":"category","embeddable":true,"href":"https:\/\/www.europesays.com\/se\/wp-json\/wp\/v2\/categories?post=133996"},{"taxonomy":"post_tag","embeddable":true,"href":"https:\/\/www.europesays.com\/se\/wp-json\/wp\/v2\/tags?post=133996"}],"curies":[{"name":"wp","href":"https:\/\/api.w.org\/{rel}","templated":true}]}}