{"id":134000,"date":"2026-01-13T07:50:06","date_gmt":"2026-01-13T07:50:06","guid":{"rendered":"https:\/\/www.europesays.com\/se\/134000\/"},"modified":"2026-01-13T07:50:06","modified_gmt":"2026-01-13T07:50:06","slug":"vita-husets-svar-till-zara-larsson-som-hatar-ice","status":"publish","type":"post","link":"https:\/\/www.europesays.com\/se\/134000\/","title":{"rendered":"Vita husets svar till Zara Larsson som hatar ICE"},"content":{"rendered":"<p>Publicerad 13 jan 2026 kl 08.37Uppdaterad kl 08.48<\/p>\n<p>Zara Larsson \u201d\u00e4lskar kriminella\u201d men hatar ICE.\u00a0<\/p>\n<p>Nu svarar Vita huset \u2013 med en dansande Trump till Larssons egen l\u00e5t.<\/p>\n<p><img   alt=\"\"\/><\/p>\n<p>Konflikten mellan Larsson och Vita huset exploderar p\u00e5 sociala medier.<\/p>\n<p>Foto: Stefan Jerrev\u00e5ng\/ TT NYHETSBYR\u00c5N<\/p>\n<p>\u00d6ppna bild i helsk\u00e4rm<\/p>\n<p>I ett inl\u00e4gg p\u00e5 Instagram i helgen listade den svenska popstj\u00e4rnan om vad hon \u00e4lskar \u2013 och hatar.\u00a0<\/p>\n<p>Bland annat skrev hon att hon \u00e4lskar immigranter, kriminella, v\u00e4lf\u00e4rd \u2013 och hatar ICE.\u00a0<\/p>\n<p>Texten i instagramh\u00e4ndelsen v\u00e4ckte <a href=\"https:\/\/www.expressen.se\/noje\/zara-larssons-ilska-mot-ice-jag-alskar-kriminella-\" rel=\"nofollow noopener\" target=\"_blank\">starka k\u00e4nslor och stor uppm\u00e4rksamhet. <\/a>Stj\u00e4rnan f\u00f6rklarade i kommande inl\u00e4gg att ilskan grundar sig i att hennes pojkv\u00e4n inte f\u00e5r komma in i USA p\u00e5 grund av en tidigare dom och \u00e4r \u00e4ven en reaktion p\u00e5 att en agent fr\u00e5n den amerikanska immigrationsmyndigheten (ICE) skjutit ihj\u00e4l en kvinna i Minneapolis.<\/p>\n<p><img loading=\"lazy\"   alt=\"\"\/><\/p>\n<p>I flera inl\u00e4gg f\u00f6rkunnade Zara Larsson sin ilska mot ICE efter d\u00f6dsskjutningen i Minneapolis.<\/p>\n<p>Foto: Sk\u00e4rmdump \/ Instagram<\/p>\n<p>\u00d6ppna bild i helsk\u00e4rmVita husets svar<\/p>\n<p>Nu har Vita huset lagt upp en video p\u00e5 Tik tok som \u00e4r tydligt inspirerat av Larssons inl\u00e4gg. Inl\u00e4gget best\u00e5r av ett hopklipp av en dansande Trump fr\u00e5n olika tillf\u00e4llen och med text formulerad likt Larssons, med en lista p\u00e5 vad de \u00e4lskar.\u00a0<\/p>\n<p>Till klippet spelas <a href=\"https:\/\/www.expressen.se\/tagg\/person\/zara-larsson\/\" class=\"\" rel=\"nofollow noopener\" target=\"_blank\">Zara Larssons<\/a> mest k\u00e4nda l\u00e5t \u201dlush life\u201d.\u00a0<\/p>\n<p>\u201dVi \u00e4lskar deportation\u201d, \u201dVi \u00e4lskar lag och ordning\u201d, \u201dVi \u00e4lskar jobb inte v\u00e4lf\u00e4rd\u201d \u00e4r n\u00e5gra av sakerna som listas upp. Listan avslutas med: \u201dVi \u00c4LSKAR ICE och v\u00e5r brottsbek\u00e4mpning\u201d.\u00a0<\/p>\n<p><img loading=\"lazy\"   alt=\"\"\/><\/p>\n<p>Vita huset svarar Zara Larsson med en dansande video p\u00e5 Tiktok.<\/p>\n<p>Foto: Tiktok<\/p>\n<p>\u00d6ppna bild i helsk\u00e4rm<img loading=\"lazy\"   alt=\"\"\/>\u00d6ppna bild i helsk\u00e4rm\u201dV\u00e4ldigt arga\u201d<\/p>\n<p>Efter inl\u00e4ggen som Zara Larsson la upp p\u00e5 l\u00f6rdagen har stj\u00e4rnan uttalat sig igen och ber\u00e4ttar via sina sociala medier att Trump-anh\u00e4ngare har blivit v\u00e4ldigt arga \u00f6ver att hon sa att hon \u00e4lskade kriminella.\u00a0<\/p>\n<p>\u201dDom r\u00f6stade p\u00e5 en med 34 domar f\u00f6r att bli president? Vissa \u00e5ker in i f\u00e4ngelse f\u00f6r att ha snattat eller f\u00f6r att ha r\u00f6kt marijuana, andra f\u00e5r styra ett land f\u00f6r v\u00e4rre\u201d, skriver hon i ett inl\u00e4gg.<\/p>\n<p><strong>L\u00c4S MER: <\/strong><a href=\"https:\/\/www.expressen.se\/noje\/zara-larssons-ilska-mot-ice-jag-alskar-kriminella-\/\" class=\"\" rel=\"nofollow noopener\" target=\"_blank\">Zara Larssons ilska mot ICE: \u201dJag \u00e4lskar kriminella\u201d<\/a><strong>L\u00c4S MER: <\/strong><a href=\"https:\/\/www.expressen.se\/noje\/sabrina-carpenters-ilska-mot-vita-huset-vidrigt\/\" class=\"\" rel=\"nofollow noopener\" target=\"_blank\">Sabrina Carpenters ilska mot Vita huset: \u201dVidrigt\u201d<\/a><\/p>\n","protected":false},"excerpt":{"rendered":"Publicerad 13 jan 2026 kl 08.37Uppdaterad kl 08.48 Zara Larsson \u201d\u00e4lskar kriminella\u201d men hatar ICE.\u00a0 Nu svarar Vita&hellip;\n","protected":false},"author":2,"featured_media":134001,"comment_status":"","ping_status":"","sticky":false,"template":"","format":"standard","meta":{"footnotes":""},"categories":[67],"tags":[104,1340,4086,34,31,33,32,30,204,966,105],"class_list":{"0":"post-134000","1":"post","2":"type-post","3":"status-publish","4":"format-standard","5":"has-post-thumbnail","7":"category-underhallning","8":"tag-entertainment","9":"tag-location-vita-huset","10":"tag-person-zara-larsson","11":"tag-se","12":"tag-svenska","13":"tag-sverige","14":"tag-sweden","15":"tag-swedish","16":"tag-topic-amerikansk-politik","17":"tag-topic-sociala-medier","18":"tag-underhallning"},"share_on_mastodon":{"url":"https:\/\/pubeurope.com\/@se\/115886700814350309","error":""},"_links":{"self":[{"href":"https:\/\/www.europesays.com\/se\/wp-json\/wp\/v2\/posts\/134000","targetHints":{"allow":["GET"]}}],"collection":[{"href":"https:\/\/www.europesays.com\/se\/wp-json\/wp\/v2\/posts"}],"about":[{"href":"https:\/\/www.europesays.com\/se\/wp-json\/wp\/v2\/types\/post"}],"author":[{"embeddable":true,"href":"https:\/\/www.europesays.com\/se\/wp-json\/wp\/v2\/users\/2"}],"replies":[{"embeddable":true,"href":"https:\/\/www.europesays.com\/se\/wp-json\/wp\/v2\/comments?post=134000"}],"version-history":[{"count":0,"href":"https:\/\/www.europesays.com\/se\/wp-json\/wp\/v2\/posts\/134000\/revisions"}],"wp:featuredmedia":[{"embeddable":true,"href":"https:\/\/www.europesays.com\/se\/wp-json\/wp\/v2\/media\/134001"}],"wp:attachment":[{"href":"https:\/\/www.europesays.com\/se\/wp-json\/wp\/v2\/media?parent=134000"}],"wp:term":[{"taxonomy":"category","embeddable":true,"href":"https:\/\/www.europesays.com\/se\/wp-json\/wp\/v2\/categories?post=134000"},{"taxonomy":"post_tag","embeddable":true,"href":"https:\/\/www.europesays.com\/se\/wp-json\/wp\/v2\/tags?post=134000"}],"curies":[{"name":"wp","href":"https:\/\/api.w.org\/{rel}","templated":true}]}}