{"id":134004,"date":"2026-01-13T07:54:59","date_gmt":"2026-01-13T07:54:59","guid":{"rendered":"https:\/\/www.europesays.com\/se\/134004\/"},"modified":"2026-01-13T07:54:59","modified_gmt":"2026-01-13T07:54:59","slug":"istappar-i-enkoping-utgor-fara-for-gaende","status":"publish","type":"post","link":"https:\/\/www.europesays.com\/se\/134004\/","title":{"rendered":"Istappar i Enk\u00f6ping utg\u00f6r fara f\u00f6r g\u00e5ende"},"content":{"rendered":"<p>Se upp! Det kan faktiskt vara en god id\u00e9 om du g\u00e5r ute just nu. Runt om i Enk\u00f6ping h\u00e4nger det istappar lite h\u00e4r och var. Om de ramlar ner kan det inneb\u00e4ra en rej\u00e4l fara.\u2013 Det har kommit mycket p\u00e5 slutet nu, det \u00e4r j\u00e4ttem\u00e5nga \u00f6verallt. Det \u00e4r sv\u00e5rt att h\u00e5lla borta f\u00f6r de kommer tillbaka ganska fort, s\u00e4ger Robert Lindberg.Han \u00e4r p\u00e5 s\u00f6ndagspromenad och kommer g\u00e5ende \u00f6ver<\/p>\n","protected":false},"excerpt":{"rendered":"Se upp! Det kan faktiskt vara en god id\u00e9 om du g\u00e5r ute just nu. Runt om i&hellip;\n","protected":false},"author":2,"featured_media":134005,"comment_status":"","ping_status":"","sticky":false,"template":"","format":"standard","meta":{"footnotes":""},"categories":[12],"tags":[22,23,26,27,17,21,24,25,28,29,15,16,18,34,31,33,32,30,19,20],"class_list":{"0":"post-134004","1":"post","2":"type-post","3":"status-publish","4":"format-standard","5":"has-post-thumbnail","7":"category-sverige","8":"tag-breaking-news","9":"tag-breakingnews","10":"tag-featured-news","11":"tag-featurednews","12":"tag-headlines","13":"tag-huvudnyheter","14":"tag-latest-news","15":"tag-latestnews","16":"tag-main-news","17":"tag-mainnews","18":"tag-news","19":"tag-nyheter","20":"tag-rubriker","21":"tag-se","22":"tag-svenska","23":"tag-sverige","24":"tag-sweden","25":"tag-swedish","26":"tag-top-stories","27":"tag-topstories"},"share_on_mastodon":{"url":"https:\/\/pubeurope.com\/@se\/115886720445663021","error":""},"_links":{"self":[{"href":"https:\/\/www.europesays.com\/se\/wp-json\/wp\/v2\/posts\/134004","targetHints":{"allow":["GET"]}}],"collection":[{"href":"https:\/\/www.europesays.com\/se\/wp-json\/wp\/v2\/posts"}],"about":[{"href":"https:\/\/www.europesays.com\/se\/wp-json\/wp\/v2\/types\/post"}],"author":[{"embeddable":true,"href":"https:\/\/www.europesays.com\/se\/wp-json\/wp\/v2\/users\/2"}],"replies":[{"embeddable":true,"href":"https:\/\/www.europesays.com\/se\/wp-json\/wp\/v2\/comments?post=134004"}],"version-history":[{"count":0,"href":"https:\/\/www.europesays.com\/se\/wp-json\/wp\/v2\/posts\/134004\/revisions"}],"wp:featuredmedia":[{"embeddable":true,"href":"https:\/\/www.europesays.com\/se\/wp-json\/wp\/v2\/media\/134005"}],"wp:attachment":[{"href":"https:\/\/www.europesays.com\/se\/wp-json\/wp\/v2\/media?parent=134004"}],"wp:term":[{"taxonomy":"category","embeddable":true,"href":"https:\/\/www.europesays.com\/se\/wp-json\/wp\/v2\/categories?post=134004"},{"taxonomy":"post_tag","embeddable":true,"href":"https:\/\/www.europesays.com\/se\/wp-json\/wp\/v2\/tags?post=134004"}],"curies":[{"name":"wp","href":"https:\/\/api.w.org\/{rel}","templated":true}]}}