{"id":134006,"date":"2026-01-13T07:58:26","date_gmt":"2026-01-13T07:58:26","guid":{"rendered":"https:\/\/www.europesays.com\/se\/134006\/"},"modified":"2026-01-13T07:58:26","modified_gmt":"2026-01-13T07:58:26","slug":"tre-provspelare-i-a-laget-landskrona-bois","status":"publish","type":"post","link":"https:\/\/www.europesays.com\/se\/134006\/","title":{"rendered":"Tre provspelare i A-laget &#8211; Landskrona BoIS"},"content":{"rendered":"<p>                      <img width=\"800\" height=\"552\" src=\"https:\/\/www.europesays.com\/se\/wp-content\/uploads\/2026\/01\/dsc03421-2-800x552.jpg\" class=\"img-fluid wp-post-image\" alt=\"\" decoding=\"async\" fetchpriority=\"high\"  \/><\/p>\n<p>\n                Publicerad m\u00e5ndag 12 januari, 2026\n              <\/p>\n<p><strong>Tre spelare provar med Landskrona BoIS denna vecka.<\/strong><\/p>\n<p>Det r\u00f6r sig om Marokhy Ndione (anfallare), Emmanuel Moungam (mittback) och Donart Lubishtani (v\u00e4nsterback).<\/p>\n<p>Marokhy \u00e4r f\u00f6dd 1999 och i Sverige \u00e4r han fr\u00e4mst k\u00e4nd f\u00f6r sina insatser i IF Elfsborg. Senast har han tillh\u00f6rt finska FC Oulo men har ocks\u00e5 varit i Danmark, Rum\u00e4nien och Portugal. <\/p>\n<p>Emmanuel \u00e4r f\u00f6dd 2006, kommer fr\u00e5n Kamerun och tillh\u00f6r f\u00f6r tillf\u00e4llet danska Horsens. <\/p>\n<p>Donart \u00e4r f\u00f6dd 2004, kommer ursprungligen fr\u00e5n Malm\u00f6, men den senaste s\u00e4songen spelade han 27 av 30 matcher i \u00c4ngelholms FF. Han har ocks\u00e5 varit ungdomsproffs i italienska storklubben Inter. <\/p>\n<p>Vi \u00f6nskar spelarna lycka till!<\/p>\n","protected":false},"excerpt":{"rendered":"Publicerad m\u00e5ndag 12 januari, 2026 Tre spelare provar med Landskrona BoIS denna vecka. Det r\u00f6r sig om Marokhy&hellip;\n","protected":false},"author":2,"featured_media":134007,"comment_status":"","ping_status":"","sticky":false,"template":"","format":"standard","meta":{"footnotes":""},"categories":[68],"tags":[34,111,110,31,33,32,30],"class_list":{"0":"post-134006","1":"post","2":"type-post","3":"status-publish","4":"format-standard","5":"has-post-thumbnail","7":"category-sport","8":"tag-se","9":"tag-sport","10":"tag-sports","11":"tag-svenska","12":"tag-sverige","13":"tag-sweden","14":"tag-swedish"},"share_on_mastodon":{"url":"https:\/\/pubeurope.com\/@se\/115886732349751714","error":""},"_links":{"self":[{"href":"https:\/\/www.europesays.com\/se\/wp-json\/wp\/v2\/posts\/134006","targetHints":{"allow":["GET"]}}],"collection":[{"href":"https:\/\/www.europesays.com\/se\/wp-json\/wp\/v2\/posts"}],"about":[{"href":"https:\/\/www.europesays.com\/se\/wp-json\/wp\/v2\/types\/post"}],"author":[{"embeddable":true,"href":"https:\/\/www.europesays.com\/se\/wp-json\/wp\/v2\/users\/2"}],"replies":[{"embeddable":true,"href":"https:\/\/www.europesays.com\/se\/wp-json\/wp\/v2\/comments?post=134006"}],"version-history":[{"count":0,"href":"https:\/\/www.europesays.com\/se\/wp-json\/wp\/v2\/posts\/134006\/revisions"}],"wp:featuredmedia":[{"embeddable":true,"href":"https:\/\/www.europesays.com\/se\/wp-json\/wp\/v2\/media\/134007"}],"wp:attachment":[{"href":"https:\/\/www.europesays.com\/se\/wp-json\/wp\/v2\/media?parent=134006"}],"wp:term":[{"taxonomy":"category","embeddable":true,"href":"https:\/\/www.europesays.com\/se\/wp-json\/wp\/v2\/categories?post=134006"},{"taxonomy":"post_tag","embeddable":true,"href":"https:\/\/www.europesays.com\/se\/wp-json\/wp\/v2\/tags?post=134006"}],"curies":[{"name":"wp","href":"https:\/\/api.w.org\/{rel}","templated":true}]}}