{"id":134015,"date":"2026-01-13T08:06:20","date_gmt":"2026-01-13T08:06:20","guid":{"rendered":"https:\/\/www.europesays.com\/se\/134015\/"},"modified":"2026-01-13T08:06:20","modified_gmt":"2026-01-13T08:06:20","slug":"ugp-lagen-som-gor-upp-om-titlarna-i-uppsala","status":"publish","type":"post","link":"https:\/\/www.europesays.com\/se\/134015\/","title":{"rendered":"UGP-lagen som g\u00f6r upp om titlarna i Uppsala"},"content":{"rendered":"<p class=\"normal\">Ungdoms-GP avg\u00f6rs parallellt med Elit Grand Prix och Veteran-SM, under ett och samma tak i Fyrishov. Tillsammans visar deltagande ungdomar, elitspelare och veteraner att volleyboll \u00e4r en idrott att ut\u00f6va hela livet.<\/p>\n<p class=\"normal\">I UGP-turneringen g\u00f6r landets vassaste ungdomslag upp om \u00e4ra och titlar och skaffar sig v\u00e4rderfull erfarenhet fr\u00e5n betydelsefulla matcher mot j\u00e4mn\u00e5riga talanger. Vid 2026 \u00e5rs upplaga \u00e4r det lag med spelare f\u00f6dda 2008 och senare som deltar.<\/p>\n<p class=\"normal\">Till den prestigefyllda turneringen kvalificerar sig Sveriges sex b\u00e4sta flick- respektive pojklag, baserat p\u00e5 f\u00f6rra \u00e5rets placeringar i Ungdoms-SM.<\/p>\n<p class=\"normal\">Noterbart \u00e4r att arrangerande Uppsala finns representerat p\u00e5 pojksidan, vilket ger extra krydda till turneringen. Startf\u00e4ltet i sin helhet:<\/p>\n<p>UGP 2026 &#8211; FLICKOR<\/p>\n<ul class=\" env-text-list normal\">\n<li>Grupp A: Kronan VBK, Solna VBK, Team Valla<\/li>\n<li>Grupp B: Ljungby VBK, Sollentuna VK, St\u00f6cke IF<\/li>\n<\/ul>\n<p>UGP 2026 &#8211; POJKAR<\/p>\n<ul class=\" env-text-list normal\">\n<li>Grupp A: Engelholms VS, Habo Wolley, \u00d6rkelljunga VK<\/li>\n<li>Grupp B: Lunds VK, Sollentuna VK, Uppsala VBS<\/li>\n<\/ul>\n<p class=\"normal\">Matcherna drar ig\u00e5ng 10:00 under l\u00f6rdag f\u00f6rmiddag. Senare samma dag, efter avslutat gruppspel, v\u00e4ntar rafflande semifinaler med starttider 18:00 och 19:15.<\/p>\n<p class=\"normal\">S\u00f6ndagens crescendo bjuder sedan p\u00e5 placerings- och medaljmatcher, d\u00e4r finalerna avslutar med starttider 11:45 (pojkar) och 13:15 (flickor).<\/p>\n<p class=\"normal\">UGP upplevs b\u00e4st i Fyrishov, men f\u00f6r dig som inte har m\u00f6jlighet att heja p\u00e5 plats finns steaming att tillg\u00e5 via <a href=\"http:\/\/www.volleytv.se\/\" rel=\"nofollow noopener\" target=\"_blank\">volleytv.se L\u00e4nk till annan webbplats.<\/a>.<\/p>\n<p class=\"normal\">Solnas tjejer och St\u00f6cker killar \u00e4r regerande m\u00e4stare och har gett sig sj\u00e4lva chansen att f\u00f6rsvara f\u00f6rra \u00e5rets UGP-titlar. Kronans tjejer och Habos killar lade i sin tur beslag p\u00e5 USM-gulden i maj 2025 och tillh\u00f6r med det f\u00f6rhandsfavoriterna.<\/p>\n<p class=\"normal\"><strong>Spara tid \u2013 f\u00f6rk\u00f6p biljetter!<\/strong><\/p>\n<p class=\"normal\">Ta chansen att b\u00e4nka dig p\u00e5 l\u00e4ktaren i Fyrishov, Uppsala, f\u00f6r att uppleva volleyboll p\u00e5 h\u00f6gsta nationella niv\u00e5. F\u00f6r ut\u00f6ver Ungdoms-GP v\u00e4ntar ju ocks\u00e5 Veteran-SM samt en sprakade i show i form av Elit Grand Prix, d\u00e4r Sveriges fr\u00e4msta elitserielag med flera landslagsstj\u00e4rnor i huvudrollerna i dagarna tv\u00e5 g\u00f6r upp om \u00e4ra, titlar och Europacupplatser.<\/p>\n<p class=\"normal\">F\u00f6r att undvika k\u00f6er i entr\u00e9n uppmanas bes\u00f6kare f\u00f6rk\u00f6pa biljetter via Ticketmaster.se, som \u00e4r officiell biljettf\u00f6rmedlare. Det g\u00e5r att k\u00f6pa b\u00e5de dagsbiljetter och helgbiljetter!<\/p>\n<p class=\"normal\"><strong><a href=\"https:\/\/www.ticketmaster.se\/artist\/grand-prix-volleyboll-biljetter\/1357793\" rel=\"nofollow noopener\" target=\"_blank\">K\u00d6P BILJETTER H\u00c4R!  L\u00e4nk till annan webbplats.<\/a><\/strong><\/p>\n<p>L\u00c4NKAR<\/p>\n<p class=\"normal\"><a href=\"http:\/\/www.grandprixvolleyboll.se\/\" rel=\"nofollow noopener\" target=\"_blank\">grandprixvolleyboll.se L\u00e4nk till annan webbplats.<\/a><br \/><a href=\"https:\/\/www.ticketmaster.se\/artist\/grand-prix-volleyboll-biljetter\/1357793\" rel=\"nofollow noopener\" target=\"_blank\">S\u00e4kra dina GP-biljetter \u2013 f\u00f6rk\u00f6p h\u00e4r! <br \/> L\u00e4nk till annan webbplats.<\/a><a href=\"https:\/\/svbf-web.dataproject.com\/CompetitionHome.aspx?ID=445\" rel=\"nofollow noopener\" target=\"_blank\">Turneringssajt &#8211; Elit Grand Prix Dam L\u00e4nk till annan webbplats.<\/a><br \/><a href=\"https:\/\/svbf-web.dataproject.com\/CompetitionHome.aspx?ID=446\" rel=\"nofollow noopener\" target=\"_blank\">Turneringssajt &#8211; Elit Grand Prix Herr L\u00e4nk till annan webbplats.<\/a><br \/><a href=\"https:\/\/www.profixio.com\/app\/volleybollens-veteran-sm-2025-2026\" rel=\"nofollow noopener\" target=\"_blank\">Turneringssida Veteran-SM L\u00e4nk till annan webbplats.<\/a><br \/><a href=\"https:\/\/www.profixio.com\/app\/ungdomens-gp-2025-2026\" rel=\"nofollow noopener\" target=\"_blank\">Turneringssida Ungdoms-GP L\u00e4nk till annan webbplats.<\/a><\/p>\n","protected":false},"excerpt":{"rendered":"Ungdoms-GP avg\u00f6rs parallellt med Elit Grand Prix och Veteran-SM, under ett och samma tak i Fyrishov. Tillsammans visar&hellip;\n","protected":false},"author":2,"featured_media":134016,"comment_status":"","ping_status":"","sticky":false,"template":"","format":"standard","meta":{"footnotes":""},"categories":[68],"tags":[34,111,110,31,33,32,30],"class_list":{"0":"post-134015","1":"post","2":"type-post","3":"status-publish","4":"format-standard","5":"has-post-thumbnail","7":"category-sport","8":"tag-se","9":"tag-sport","10":"tag-sports","11":"tag-svenska","12":"tag-sverige","13":"tag-sweden","14":"tag-swedish"},"share_on_mastodon":{"url":"https:\/\/pubeurope.com\/@se\/115886763765217326","error":""},"_links":{"self":[{"href":"https:\/\/www.europesays.com\/se\/wp-json\/wp\/v2\/posts\/134015","targetHints":{"allow":["GET"]}}],"collection":[{"href":"https:\/\/www.europesays.com\/se\/wp-json\/wp\/v2\/posts"}],"about":[{"href":"https:\/\/www.europesays.com\/se\/wp-json\/wp\/v2\/types\/post"}],"author":[{"embeddable":true,"href":"https:\/\/www.europesays.com\/se\/wp-json\/wp\/v2\/users\/2"}],"replies":[{"embeddable":true,"href":"https:\/\/www.europesays.com\/se\/wp-json\/wp\/v2\/comments?post=134015"}],"version-history":[{"count":0,"href":"https:\/\/www.europesays.com\/se\/wp-json\/wp\/v2\/posts\/134015\/revisions"}],"wp:featuredmedia":[{"embeddable":true,"href":"https:\/\/www.europesays.com\/se\/wp-json\/wp\/v2\/media\/134016"}],"wp:attachment":[{"href":"https:\/\/www.europesays.com\/se\/wp-json\/wp\/v2\/media?parent=134015"}],"wp:term":[{"taxonomy":"category","embeddable":true,"href":"https:\/\/www.europesays.com\/se\/wp-json\/wp\/v2\/categories?post=134015"},{"taxonomy":"post_tag","embeddable":true,"href":"https:\/\/www.europesays.com\/se\/wp-json\/wp\/v2\/tags?post=134015"}],"curies":[{"name":"wp","href":"https:\/\/api.w.org\/{rel}","templated":true}]}}