{"id":134021,"date":"2026-01-13T08:10:12","date_gmt":"2026-01-13T08:10:12","guid":{"rendered":"https:\/\/www.europesays.com\/se\/134021\/"},"modified":"2026-01-13T08:10:12","modified_gmt":"2026-01-13T08:10:12","slug":"anna-tenje-och-erik-slottner-besoker-aldreboende-i-tyreso","status":"publish","type":"post","link":"https:\/\/www.europesays.com\/se\/134021\/","title":{"rendered":"Anna Tenje och Erik Slottner bes\u00f6ker \u00e4ldreboende i Tyres\u00f6"},"content":{"rendered":"<p>&#13;<br \/>\nOnsdagen den 14 januari bes\u00f6ker \u00e4ldre- och socialf\u00f6rs\u00e4kringsminister Anna Tenje och civilminister Erik Slottner ett \u00e4ldreboende i Tyres\u00f6. Under bes\u00f6ket m\u00f6ter ministrarna bland annat medarbetare fr\u00e5n Ukraina. <\/p>\n<p>\u00c4ldre- och socialf\u00f6rs\u00e4kringsminister Anna Tenje och civilminister Erik Slottner bes\u00f6ker Villa Basilika, ett \u00e4ldreboende f\u00f6r personer med demenssjukdom. P\u00e5 boendet arbetar flera personer fr\u00e5n Ukraina som f\u00e5tt jobb via organisationen Beredskapslyftets satsning Connecting Jobs. \u00a0<\/p>\n<p>Under bes\u00f6ket tar ministrarna bland annat del av l\u00e4rdomar och erfarenheter av medarbetare fr\u00e5n Ukraina, samt deras v\u00e4g till arbete och utbildning. Integration f\u00f6r personal inom \u00e4ldreomsorgen kommer ocks\u00e5 att diskuteras.<\/p>\n<p>I samband med bes\u00f6ket finns m\u00f6jlighet f\u00f6r media att delta. Kontakta Vendela Granberg f\u00f6r intervjuf\u00f6rfr\u00e5gningar och mer information.<\/p>\n","protected":false},"excerpt":{"rendered":"&#13; Onsdagen den 14 januari bes\u00f6ker \u00e4ldre- och socialf\u00f6rs\u00e4kringsminister Anna Tenje och civilminister Erik Slottner ett \u00e4ldreboende i&hellip;\n","protected":false},"author":2,"featured_media":67452,"comment_status":"","ping_status":"","sticky":false,"template":"","format":"standard","meta":{"footnotes":""},"categories":[14],"tags":[22,23,26,27,17,21,24,25,28,29,15,16,18,34,31,33,32,30,19,20,51,52,53,54],"class_list":{"0":"post-134021","1":"post","2":"type-post","3":"status-publish","4":"format-standard","5":"has-post-thumbnail","7":"category-varlden","8":"tag-breaking-news","9":"tag-breakingnews","10":"tag-featured-news","11":"tag-featurednews","12":"tag-headlines","13":"tag-huvudnyheter","14":"tag-latest-news","15":"tag-latestnews","16":"tag-main-news","17":"tag-mainnews","18":"tag-news","19":"tag-nyheter","20":"tag-rubriker","21":"tag-se","22":"tag-svenska","23":"tag-sverige","24":"tag-sweden","25":"tag-swedish","26":"tag-top-stories","27":"tag-topstories","28":"tag-varlden","29":"tag-world","30":"tag-world-news","31":"tag-worldnews"},"share_on_mastodon":{"url":"https:\/\/pubeurope.com\/@se\/115886779444382657","error":""},"_links":{"self":[{"href":"https:\/\/www.europesays.com\/se\/wp-json\/wp\/v2\/posts\/134021","targetHints":{"allow":["GET"]}}],"collection":[{"href":"https:\/\/www.europesays.com\/se\/wp-json\/wp\/v2\/posts"}],"about":[{"href":"https:\/\/www.europesays.com\/se\/wp-json\/wp\/v2\/types\/post"}],"author":[{"embeddable":true,"href":"https:\/\/www.europesays.com\/se\/wp-json\/wp\/v2\/users\/2"}],"replies":[{"embeddable":true,"href":"https:\/\/www.europesays.com\/se\/wp-json\/wp\/v2\/comments?post=134021"}],"version-history":[{"count":0,"href":"https:\/\/www.europesays.com\/se\/wp-json\/wp\/v2\/posts\/134021\/revisions"}],"wp:featuredmedia":[{"embeddable":true,"href":"https:\/\/www.europesays.com\/se\/wp-json\/wp\/v2\/media\/67452"}],"wp:attachment":[{"href":"https:\/\/www.europesays.com\/se\/wp-json\/wp\/v2\/media?parent=134021"}],"wp:term":[{"taxonomy":"category","embeddable":true,"href":"https:\/\/www.europesays.com\/se\/wp-json\/wp\/v2\/categories?post=134021"},{"taxonomy":"post_tag","embeddable":true,"href":"https:\/\/www.europesays.com\/se\/wp-json\/wp\/v2\/tags?post=134021"}],"curies":[{"name":"wp","href":"https:\/\/api.w.org\/{rel}","templated":true}]}}