{"id":134023,"date":"2026-01-13T08:12:07","date_gmt":"2026-01-13T08:12:07","guid":{"rendered":"https:\/\/www.europesays.com\/se\/134023\/"},"modified":"2026-01-13T08:12:07","modified_gmt":"2026-01-13T08:12:07","slug":"myndigheter-och-beslutsfattare-bevittnade-forstorelse-och-hjalteinsatser-efter-stormarna-johannes-och-anna","status":"publish","type":"post","link":"https:\/\/www.europesays.com\/se\/134023\/","title":{"rendered":"Myndigheter och beslutsfattare bevittnade f\u00f6rst\u00f6relse och hj\u00e4lteinsatser efter stormarna Johannes och Anna"},"content":{"rendered":"<p>Mellandagsstormarna 2025 ledde till omfattande str\u00f6mavbrott i Sverige. Totalt drabbades omkring 100 000 hush\u00e5ll och f\u00f6retag. Prioriteringarna f\u00f6r eln\u00e4tsf\u00f6retagen har varit glasklara. Till dess att den sista elkunden \u00e5terf\u00e5tt str\u00f6mmen ligger hela fokus p\u00e5 att r\u00f6ja skog och laga s\u00f6nderslaget eln\u00e4t. D\u00e4refter f\u00f6ljer l\u00e5ng tid av omfattande reparationer och restaurering av elsystemets fundament \u2013 och utv\u00e4rdering och reflektion.<\/p>\n<p>Under de snart tv\u00e5 veckor som g\u00e5tt sedan stormen Johannes f\u00f6rst rammade Mellansverige har beredskapen hos b\u00e5de hush\u00e5ll, kommuner och myndigheter pr\u00f6vats till det yttersta. Teori har f\u00f6rvandlats till praktik i samh\u00e4llets hantering av en kris. <\/p>\n<p>\u2013 De boende som \u00e4r och har varit str\u00f6ml\u00f6sa har haft ett stort t\u00e5lamod. Jag har stor respekt f\u00f6r den p\u00e5verkan det ger med l\u00e5nga str\u00f6mavbrott. Samtidigt \u00e4r det svenska elsystemet ett av v\u00e4rldens mest tillf\u00f6rlitliga och stormen visar att beredskapen \u00e4r god hos n\u00e4tbolagen, men det finns mer att g\u00f6ra och nytt att l\u00e4ra av det vi nu varit med om. S\u00e5 att vi st\u00e5r rustade b\u00e5de f\u00f6r ett mer utmanande klimat och ett tuffare s\u00e4kerhetspolitiskt l\u00e4ge, s\u00e4ger Peter Wigert, st\u00e4llf\u00f6retr\u00e4dande generaldirekt\u00f6r, Svenska kraftn\u00e4t.\u00a0<\/p>\n<p>\u2013 Stormen och dess efterdyningar visar b\u00e5de hur central elf\u00f6rs\u00f6rjningen \u00e4r f\u00f6r att samh\u00e4llet ska fungera och hur s\u00e5rbart samh\u00e4llet \u00e4r n\u00e4r den s\u00e4tts ur spel. Men de senaste veckorna har \u00e4ven visat imponerande engagemang, beslutsamhet och samarbetsf\u00f6rm\u00e5ga hos yrkespersoner och elkunder som st\u00e4llts inf\u00f6r en drabbande kris. Det \u00e4r jag enormt tacksam f\u00f6r och det \u00e4r n\u00e5got jag tar med mig i utv\u00e4rderingen och utvecklingen fram\u00e5t, s\u00e4ger Johan Lindehag, vd p\u00e5 Ellevio.<\/p>\n<p>\u2013 Samverkan mellan eln\u00e4tsbolag, myndigheter och kommuner \u00e4r helt avg\u00f6rande f\u00f6r att hantera kriser som denna. Nu drar vi gemensamt l\u00e4rdomar av v\u00e5rt arbete och st\u00e4rker beredskapen ytterligare \u2013 b\u00e5de utifr\u00e5n egna erfarenheter och genom att f\u00f6lja hur andra l\u00e4nder, som Ukraina, arbetar med att uppr\u00e4tth\u00e5lla elf\u00f6rs\u00f6rjningen under extrem p\u00e5frestning. M\u00e5let \u00e4r att det svenska elsystemet ska st\u00e5 \u00e4nnu b\u00e4ttre rustat f\u00f6r framtida kriser, s\u00e4ger Martin H\u00f6hler, vd f\u00f6r E.ON Energidistribution.<\/p>\n<p><strong>\u00a0<\/strong><strong>Vittnesb\u00f6rd i Ockelbo<\/strong><\/p>\n<p>I veckan samlades stormdrabbade f\u00f6retag, statsr\u00e5det Ebba Busch, statssekreterare Maja Lundb\u00e4ck och ber\u00f6rda myndigheter i Ockelbo f\u00f6r l\u00e4gesgenomg\u00e5ng, f\u00e4ltbes\u00f6k och tidiga l\u00e4rdomar. P\u00e5 plats fanns Regeringskansliet, Svenska kraftn\u00e4t, Energimarknadsinspektionen, L\u00e4nsstyrelsen i G\u00e4vleborg, Ockelbo kommun samt eln\u00e4tsbolagen Ellevio, E.ON och S\u00f6derhamn N\u00e4ra \u2013 hela kedjan fr\u00e5n stamn\u00e4t till lokaln\u00e4t med ett gemensamt m\u00e5l: trygg elf\u00f6rs\u00f6rjning.<\/p>\n<p>Rundabordssamtalet f\u00f6ljdes av ett f\u00e4ltbes\u00f6k d\u00e4r deltagarna m\u00f6tte f\u00e4ltpersonal som arbetade med att \u00e5terst\u00e4lla ett mellansp\u00e4nningsn\u00e4t till en ort med 18 kunder. Arbetet skedde under mycket sv\u00e5ra f\u00f6rh\u00e5llanden med stora sn\u00f6m\u00e4ngder, fallna tr\u00e4d och begr\u00e4nsad framkomlighet. S\u00e4kerhet beh\u00f6vde st\u00e4ndigt v\u00e4gas mot snabb \u00e5terst\u00e4llning.<\/p>\n<p><strong>Tidiga l\u00e4rdomar \u2013 samverkan avg\u00f6rande<\/strong><\/p>\n<p>Sverige har en v\u00e4l fungerande samverkansmodell mellan eln\u00e4tsf\u00f6retag, bland annat genom det sektor\u00f6vergripande initiativet Elsamverkan, som m\u00f6jligg\u00f6r snabb f\u00f6rst\u00e4rkning vid st\u00f6rre st\u00f6rningar. L\u00e4gesbilder, personal, materiel och maskiner delas f\u00f6r att p\u00e5skynda \u00e5terst\u00e4llningen.<\/p>\n<p>Vid extrema h\u00e4ndelser som stormen Johannes kr\u00e4vs resurser bortom den egna organisationen. N\u00e4takt\u00f6rerna och Svenska kraftn\u00e4ts reparationsberedskap har d\u00e4rf\u00f6r haft en central roll genom tillg\u00e5ng till materiel f\u00f6r tillf\u00e4lliga ledningar, ers\u00e4ttningsstolpar, specialutrustning och utbildad personal f\u00f6r arbete i sv\u00e5r terr\u00e4ng.<\/p>\n<p><strong>Arbetet med att st\u00e4rka elf\u00f6rs\u00f6rjningens beredskap forts\u00e4tter<\/strong><\/p>\n<p>Stormen visar tydligt vikten av att forts\u00e4tta arbetet med att ytterligare st\u00e4rka elf\u00f6rs\u00f6rjningens f\u00f6rm\u00e5ga att motverka och hantera sv\u00e5ra st\u00f6rningar i form av bl.a. v\u00e4derh\u00e4ndelser. Svenska kraftn\u00e4t arbetar h\u00e4r redan p\u00e5 regeringens uppdrag genom att bland annat tillhandah\u00e5lla f\u00f6rst\u00e4rkningsresurser som st\u00e5r till elf\u00f6rs\u00f6rjningens f\u00f6rfogande vid kriser samt genom att verka f\u00f6r att det finns f\u00f6rm\u00e5ga till lokal\/regional \u00f6-drift som st\u00f6ttar samh\u00e4llsviktiga funktioner vid l\u00e5nga elavbrott. I sitt arbete har Svenska kraftn\u00e4t dialog med elf\u00f6rs\u00f6rjningens akt\u00f6rer samt med ber\u00f6rda myndigheter exempelvis Energimyndigheten.<\/p>\n<p><strong>Utv\u00e4rdering och fortsatt dialog<\/strong><\/p>\n<p>Trots tidigare erfarenheter g\u00e5r det inte att fullt ut f\u00f6rutse extrema f\u00f6rlopp. Stormen kombinerade orkanbyar upp till 33 m\/s, kraftigt sn\u00f6fall och extrem kyla ned mot \u201330 grader. De kommande veckorna och m\u00e5naderna blir avg\u00f6rande f\u00f6r att dra l\u00e4rdomar p\u00e5 lokal, regional och nationell niv\u00e5.<\/p>\n<p>N\u00e4r samtliga kunder \u00e5terf\u00e5tt el och avbrottsers\u00e4ttning betalats ut v\u00e4ntar ett omfattande utv\u00e4rderingsarbete. Eln\u00e4tsf\u00f6retagen kommer \u00e4ven att l\u00e4mna s\u00e4rskild avbrottsrapportering till Energimarknadsinspektionen senast 30 dagar efter att minst 95 procent av kunderna f\u00e5tt str\u00f6mmen tillbaka.<\/p>\n","protected":false},"excerpt":{"rendered":"Mellandagsstormarna 2025 ledde till omfattande str\u00f6mavbrott i Sverige. Totalt drabbades omkring 100 000 hush\u00e5ll och f\u00f6retag. Prioriteringarna f\u00f6r&hellip;\n","protected":false},"author":2,"featured_media":134024,"comment_status":"","ping_status":"","sticky":false,"template":"","format":"standard","meta":{"footnotes":""},"categories":[5],"tags":[22,23,26,27,17,21,24,25,28,29,15,16,18,34,31,33,32,30,19,20],"class_list":{"0":"post-134023","1":"post","2":"type-post","3":"status-publish","4":"format-standard","5":"has-post-thumbnail","7":"category-rubriker","8":"tag-breaking-news","9":"tag-breakingnews","10":"tag-featured-news","11":"tag-featurednews","12":"tag-headlines","13":"tag-huvudnyheter","14":"tag-latest-news","15":"tag-latestnews","16":"tag-main-news","17":"tag-mainnews","18":"tag-news","19":"tag-nyheter","20":"tag-rubriker","21":"tag-se","22":"tag-svenska","23":"tag-sverige","24":"tag-sweden","25":"tag-swedish","26":"tag-top-stories","27":"tag-topstories"},"share_on_mastodon":{"url":"https:\/\/pubeurope.com\/@se\/115886787345306694","error":""},"_links":{"self":[{"href":"https:\/\/www.europesays.com\/se\/wp-json\/wp\/v2\/posts\/134023","targetHints":{"allow":["GET"]}}],"collection":[{"href":"https:\/\/www.europesays.com\/se\/wp-json\/wp\/v2\/posts"}],"about":[{"href":"https:\/\/www.europesays.com\/se\/wp-json\/wp\/v2\/types\/post"}],"author":[{"embeddable":true,"href":"https:\/\/www.europesays.com\/se\/wp-json\/wp\/v2\/users\/2"}],"replies":[{"embeddable":true,"href":"https:\/\/www.europesays.com\/se\/wp-json\/wp\/v2\/comments?post=134023"}],"version-history":[{"count":0,"href":"https:\/\/www.europesays.com\/se\/wp-json\/wp\/v2\/posts\/134023\/revisions"}],"wp:featuredmedia":[{"embeddable":true,"href":"https:\/\/www.europesays.com\/se\/wp-json\/wp\/v2\/media\/134024"}],"wp:attachment":[{"href":"https:\/\/www.europesays.com\/se\/wp-json\/wp\/v2\/media?parent=134023"}],"wp:term":[{"taxonomy":"category","embeddable":true,"href":"https:\/\/www.europesays.com\/se\/wp-json\/wp\/v2\/categories?post=134023"},{"taxonomy":"post_tag","embeddable":true,"href":"https:\/\/www.europesays.com\/se\/wp-json\/wp\/v2\/tags?post=134023"}],"curies":[{"name":"wp","href":"https:\/\/api.w.org\/{rel}","templated":true}]}}