{"id":134033,"date":"2026-01-13T08:20:10","date_gmt":"2026-01-13T08:20:10","guid":{"rendered":"https:\/\/www.europesays.com\/se\/134033\/"},"modified":"2026-01-13T08:20:10","modified_gmt":"2026-01-13T08:20:10","slug":"tre-forslag-sa-ser-vi-over-konstillhorighetslagen","status":"publish","type":"post","link":"https:\/\/www.europesays.com\/se\/134033\/","title":{"rendered":"Tre f\u00f6rslag \u2013 s\u00e5 ser vi \u00f6ver k\u00f6nstillh\u00f6righetslagen"},"content":{"rendered":"<p>M-topparna: Alla medborgare ska kunna k\u00e4nna sig trygga<img decoding=\"async\" class=\"image-asset hyperion-css-n6kkq1\" data-test-tag=\"image-asset\" src=\"https:\/\/www.europesays.com\/se\/wp-content\/uploads\/2025\/08\/ab-icon-circle-quote@2x.png\"  alt=\"\"  loading=\"lazy\" fetchpriority=\"auto\" style=\"aspect-ratio:16 \/ 16\"\/><\/p>\n<p class=\"boxtextgrotesk-root_baa6 hyperion-css-qkznpo\"><strong>Detta \u00e4r en debattartikel.<\/strong> Det \u00e4r skribenten som st\u00e5r f\u00f6r \u00e5sikterna som f\u00f6rs fram i texten, inte Aftonbladet.<\/p>\n<p>share-arrowDela<\/p>\n<p>unsaveSpara<\/p>\n<p class=\"hyperion-css-1shl3oz\" data-test-tag=\"lead-text\">N\u00e4r k\u00f6nstillh\u00f6righetslagen uppdaterades \u00e5r 2024, tog ocks\u00e5 riksdagen beslut om att lagen noggrant skulle f\u00f6ljas upp s\u00e5 den fungerar som t\u00e4nkt. <\/p>\n<p class=\"hyperion-css-1shl3oz\" data-test-tag=\"lead-text\">Den planerade \u00f6versynen vill vi nu sj\u00f6s\u00e4tta, skriver Ulf Kristersson, Gunnar Str\u00f6mmer och Camilla Waltersson Gr\u00f6nvall p\u00e5 Aftonbladet Debatt.<\/p>\n<p class=\"hyperion-css-1v9qo5x\">DEBATT. I \u00f6ver 50 \u00e5r har det varit m\u00f6jligt att byta k\u00f6n i Sverige och sedan 1972 har det g\u00e5tt att \u00e4ndra det som kallas \u201djuridiskt k\u00f6n\u201d, det vill s\u00e4ga att med namn och personnummer \u00e4ndra det k\u00f6n som \u00e4r registrerat i folkbokf\u00f6ringen. N\u00e4r riksdagen 2024 beslutade om en ny k\u00f6nstillh\u00f6righetslag handlade det om att g\u00f6ra livet n\u00e5got enklare och motverka psykisk oh\u00e4lsa f\u00f6r en grupp som lever i en ofta utsatt situation. Ingenting har \u00e4ndrats p\u00e5 den punkten.<\/p>\n<p class=\"hyperion-css-1v9qo5x\"><strong>Den nya k\u00f6nstillh\u00f6righetslagen motiverades av respekt f\u00f6r de som upplever att deras k\u00f6nsidentitet inte st\u00e4mmer \u00f6verens med det registrerade k\u00f6net. Det \u00e4r en fr\u00e5ga som \u00e4r l\u00e5ngt mer komplex \u00e4n vad som ibland ges utrymme f\u00f6r i en ofta polariserad debatt.<\/strong><\/p>\n<blockquote data-test-tag=\"blockquote\" class=\"blockquote-content_747c\"><p>pullquoteSka inte kunna utnyttjas av kriminella<\/p><\/blockquote>\n<p class=\"hyperion-css-1v9qo5x\">\u00c4ven med den nya lagstiftningen har Sverige den mest f\u00f6rsiktiga och restriktiva lagstiftningen i hela Norden. Vi \u00e4r tydliga med att m\u00f6jligheten att \u00e4ndra juridiskt k\u00f6n inte ska anv\u00e4ndas l\u00e4ttvindigt, utan finnas till f\u00f6r den som verkligen beh\u00f6ver det.<\/p>\n<p class=\"hyperion-css-1v9qo5x\"><strong>I arbetet med den uppdaterade lagen var vi noga med att den inte ska kunna utnyttjas av kriminella och f\u00f6rsv\u00e5ra f\u00f6r brottsbek\u00e4mpande myndigheter i deras arbete. Vi var ocks\u00e5 tydliga med att konsekvenserna beh\u00f6vde f\u00f6ljas upp. N\u00e4r riksdagen fattade beslut om att uppdatera lagen, fattade man d\u00e4rf\u00f6r ocks\u00e5 beslut om att lagstiftningen skulle f\u00f6ljas upp noggrant s\u00e5 att den fungerar som det var t\u00e4nkt.<\/strong><\/p>\n<p class=\"hyperion-css-1v9qo5x\">Nu vill vi genomf\u00f6ra den planerade uppf\u00f6ljningen. I dag presenterar vi tre f\u00f6rslag p\u00e5 hur vi vill att k\u00f6nstillh\u00f6righetslagen ska ses \u00f6ver s\u00e5 att den lever upp till m\u00e5len och inte f\u00e5r o\u00f6nskade konsekvenser.<\/p>\n<ul class=\"hyperion-css-e9gx76\" data-test-tag=\"list\">\n<li class=\"hyperion-css-1d843yr\"><strong>F\u00f6r det f\u00f6rsta <\/strong>ska lagen leva upp till det ursprungliga syftet. D\u00e4rf\u00f6r vill vi tills\u00e4tta en utredning som g\u00e5r igenom lagstiftningen och \u00f6verv\u00e4ger eventuella f\u00f6r\u00e4ndringar. Vi vill inte minst g\u00e5 igenom vilka effekter de nya reglerna faktiskt f\u00e5tt, om antalet ans\u00f6kningar har \u00f6kat och i vilken utstr\u00e4ckning dessa godk\u00e4nns eller avsl\u00e5s.<\/li>\n<li class=\"hyperion-css-1d843yr\"><strong>F\u00f6r det andra <\/strong>ska kvinnor alltid kunna k\u00e4nna sig trygga i Sverige. D\u00e4rf\u00f6r m\u00e5ste det biologiska k\u00f6net vara avg\u00f6rande i fler situationer, d\u00e4r det annars kan leda till \u00f6kad otrygghet. Moderaterna har redan g\u00e5tt fram med att vi vill \u00e4ndra f\u00e4ngelselagen s\u00e5 att det biologiska k\u00f6net ska vara avg\u00f6rande f\u00f6r om en intagen ska placeras p\u00e5 en kvinnoanstalt eller inte. Det finns goda sk\u00e4l att pr\u00f6va om inte det ocks\u00e5 b\u00f6r inf\u00f6ras ett tydligare regelverk f\u00f6r exempelvis omkl\u00e4dningsrum eller idrottst\u00e4vlingar.<\/li>\n<li class=\"hyperion-css-1d843yr\"><strong>F\u00f6r det tredje <\/strong>ska vi vara s\u00e4kra p\u00e5 att k\u00f6nstillh\u00f6righetslagen aldrig kan anv\u00e4ndas f\u00f6r att f\u00f6rsv\u00e5ra brottsbek\u00e4mpningen. I samband med att den inf\u00f6rdes s\u00e4kerst\u00e4lldes att ett k\u00f6nsbyte inte skulle kunna utnyttjas av kriminella f\u00f6r att g\u00f6ra det sv\u00e5rare f\u00f6r myndigheterna att f\u00f6lja en person i brotts- och misstankeregister. N\u00e4r lagen nu har till\u00e4mpats ett tag, finns det sk\u00e4l att se \u00f6ver om detta har fungerat som det var t\u00e4nkt. Det kan finnas sk\u00e4l att begr\u00e4nsa d\u00f6mda brottslingars m\u00f6jlighet att byta juridiskt k\u00f6n.<\/li>\n<\/ul>\n<p class=\"hyperion-css-1v9qo5x\"><strong>Syftet med den nya k\u00f6nstillh\u00f6righetslagen \u00e4r detsamma i dag som n\u00e4r den beslutades \u2013 att g\u00f6ra viktig skillnad f\u00f6r en mindre grupp personer som ofta befinner sig i en utsatt position. Samtidigt \u00e4r det v\u00e5r allra viktigaste uppgift att se till att alla medborgare i v\u00e5rt land ska kunna k\u00e4nna sig trygga. Vi vet att det g\u00e5r att kombinera dessa ambitioner.<\/strong><\/p>\n<p><img decoding=\"async\" class=\"image-asset hyperion-css-u06ts1\" data-test-tag=\"image-asset\" src=\"https:\/\/www.europesays.com\/se\/wp-content\/uploads\/2026\/01\/1768292409_597_de9f2348-8035-4a2d-9763-a962274ff7de.png\"  alt=\"\"  loading=\"eager\" fetchpriority=\"high\" style=\"aspect-ratio:1401 \/ 38\"\/><\/p>\n<p class=\"hyperion-css-1v9qo5x\"><a data-test-tag=\"internal-link\" href=\"https:\/\/www.aftonbladet.se\/tagg\/ulf-kristersson\" class=\"hyperion-css-15jkft9\" rel=\"nofollow noopener\" target=\"\" theme=\"opinion\"><strong>Ulf Kristersson<\/strong><\/a> (M), partiledare<\/p>\n<p class=\"hyperion-css-1v9qo5x\"><a data-test-tag=\"internal-link\" href=\"https:\/\/www.aftonbladet.se\/tagg\/gunnar-strommer\" class=\"hyperion-css-15jkft9\" rel=\"nofollow noopener\" target=\"\" theme=\"opinion\"><strong>Gunnar Str\u00f6mmer<\/strong><\/a> (M)<\/p>\n<p class=\"hyperion-css-1v9qo5x\"><a data-test-tag=\"internal-link\" href=\"https:\/\/www.aftonbladet.se\/tagg\/camilla-waltersson-gronvall\" class=\"hyperion-css-15jkft9\" rel=\"nofollow noopener\" target=\"\" theme=\"opinion\"><strong>Camilla Waltersson Gr\u00f6nvall<\/strong><\/a> (M)<\/p>\n<p>expand-left<\/p>\n<p>helsk\u00e4rm<img decoding=\"async\" class=\"image-asset hyperion-css-u06ts1\" data-test-tag=\"image-asset\" src=\"https:\/\/www.europesays.com\/se\/wp-content\/uploads\/2026\/01\/805a03e5-e29f-40bd-a342-ae715289b2c6.jpeg\"  alt=\"I dag presenterar vi tre f\u00f6rslag p\u00e5 hur vi vill att k\u00f6nstillh\u00f6righetslagen ska ses \u00f6ver s\u00e5 att den lever upp till m\u00e5len och inte f\u00e5r o\u00f6nskade konsekvenser, skriver M-topparna.\"  loading=\"eager\" fetchpriority=\"high\" style=\"aspect-ratio:1400 \/ 500\"\/>I dag presenterar vi tre f\u00f6rslag p\u00e5 hur vi vill att k\u00f6nstillh\u00f6righetslagen ska ses \u00f6ver s\u00e5 att den lever upp till m\u00e5len och inte f\u00e5r o\u00f6nskade konsekvenser, skriver M-topparna. Foto: Fredrik Wennerlund Och Dennis Alvd\u00e9nFAKTAS\u00e5 skriver du en debattartikel<\/p>\n<p class=\"hyperion-css-jonaf8\"><strong>Vill du ocks\u00e5 debattera? S\u00e5 h\u00e4r g\u00f6r du om du vill skicka in debattartiklar och ins\u00e4ndare till Aftonbladet Debatt.<\/strong><\/p>\n<p class=\"hyperion-css-jonaf8\">arrow Debattartikel:<\/p>\n<p class=\"hyperion-css-jonaf8\">Skriv runt 3 500 tecken inklusive blanksteg och mejla texten till debatt@aftonbladet.se<\/p>\n<p class=\"hyperion-css-jonaf8\">Skicka med bild p\u00e5 dig sj\u00e4lv och kontaktuppgifter. Vi l\u00e4ser och svarar s\u00e5 fort vi kan, oftast inom 24 timmar.<\/p>\n<p class=\"hyperion-css-jonaf8\">arrow Replik:<\/p>\n<p class=\"hyperion-css-jonaf8\">Skriv max 2 000 tecken inklusive blanksteg och mejla texten till debatt@aftonbladet.se<\/p>\n<p>L\u00e4s mer<\/p>\n","protected":false},"excerpt":{"rendered":"M-topparna: Alla medborgare ska kunna k\u00e4nna sig trygga Detta \u00e4r en debattartikel. Det \u00e4r skribenten som st\u00e5r f\u00f6r&hellip;\n","protected":false},"author":2,"featured_media":134034,"comment_status":"","ping_status":"","sticky":false,"template":"","format":"standard","meta":{"footnotes":""},"categories":[5],"tags":[22,23,26,27,17,21,24,25,28,29,15,16,18,34,31,33,32,30,19,20],"class_list":{"0":"post-134033","1":"post","2":"type-post","3":"status-publish","4":"format-standard","5":"has-post-thumbnail","7":"category-rubriker","8":"tag-breaking-news","9":"tag-breakingnews","10":"tag-featured-news","11":"tag-featurednews","12":"tag-headlines","13":"tag-huvudnyheter","14":"tag-latest-news","15":"tag-latestnews","16":"tag-main-news","17":"tag-mainnews","18":"tag-news","19":"tag-nyheter","20":"tag-rubriker","21":"tag-se","22":"tag-svenska","23":"tag-sverige","24":"tag-sweden","25":"tag-swedish","26":"tag-top-stories","27":"tag-topstories"},"share_on_mastodon":{"url":"https:\/\/pubeurope.com\/@se\/115886818752882478","error":""},"_links":{"self":[{"href":"https:\/\/www.europesays.com\/se\/wp-json\/wp\/v2\/posts\/134033","targetHints":{"allow":["GET"]}}],"collection":[{"href":"https:\/\/www.europesays.com\/se\/wp-json\/wp\/v2\/posts"}],"about":[{"href":"https:\/\/www.europesays.com\/se\/wp-json\/wp\/v2\/types\/post"}],"author":[{"embeddable":true,"href":"https:\/\/www.europesays.com\/se\/wp-json\/wp\/v2\/users\/2"}],"replies":[{"embeddable":true,"href":"https:\/\/www.europesays.com\/se\/wp-json\/wp\/v2\/comments?post=134033"}],"version-history":[{"count":0,"href":"https:\/\/www.europesays.com\/se\/wp-json\/wp\/v2\/posts\/134033\/revisions"}],"wp:featuredmedia":[{"embeddable":true,"href":"https:\/\/www.europesays.com\/se\/wp-json\/wp\/v2\/media\/134034"}],"wp:attachment":[{"href":"https:\/\/www.europesays.com\/se\/wp-json\/wp\/v2\/media?parent=134033"}],"wp:term":[{"taxonomy":"category","embeddable":true,"href":"https:\/\/www.europesays.com\/se\/wp-json\/wp\/v2\/categories?post=134033"},{"taxonomy":"post_tag","embeddable":true,"href":"https:\/\/www.europesays.com\/se\/wp-json\/wp\/v2\/tags?post=134033"}],"curies":[{"name":"wp","href":"https:\/\/api.w.org\/{rel}","templated":true}]}}