{"id":134035,"date":"2026-01-13T08:22:08","date_gmt":"2026-01-13T08:22:08","guid":{"rendered":"https:\/\/www.europesays.com\/se\/134035\/"},"modified":"2026-01-13T08:22:08","modified_gmt":"2026-01-13T08:22:08","slug":"sigge-jansson-lamnar-bk-hacken-tar-med-mig-extremt-manga-saker","status":"publish","type":"post","link":"https:\/\/www.europesays.com\/se\/134035\/","title":{"rendered":"Sigge Jansson l\u00e4mnar BK H\u00e4cken: \u201dTar med mig extremt m\u00e5nga saker\u201d"},"content":{"rendered":"<p><strong>Under de senaste \u00e5ren har Sigge Jansson samlat p\u00e5 sig erfarenhet fr\u00e5n s\u00e5v\u00e4l spel i Europa som i Allsvenskan \u2013 samt blivit cupm\u00e4stare. Efter \u00e5tta \u00e5r i BK H\u00e4cken l\u00e4mnar nu 20-\u00e5ringen klubben, f\u00f6r att ist\u00e4llet ta sig an en ny utmaning i IFK V\u00e4rnamo.<br \/>\u2013 BK H\u00e4cken har fostrat mig som fotbollsspelare men ocks\u00e5 som m\u00e4nniska, s\u00e4ger Sigge Jansson.<\/strong><\/p>\n<p>Sigge Jansson var inte ens ton\u00e5ring n\u00e4r han l\u00e4mnade moderklubben Azalea BK f\u00f6r BK H\u00e4cken. Han har varit med om mycket sedan dess och g\u00e5tt hela v\u00e4gen genom akademi-verksamheten f\u00f6r att sedan n\u00e5 A-laget. Han A-lagsdebuterade i november 2022 och skrev p\u00e5 sitt f\u00f6rsta A-lagskontrakt i april 2023. Sigge, som \u00e4r mittf\u00e4ltare i grunden men ocks\u00e5 kan spela p\u00e5 flera platser i backlinjen, spelade 15 allsvenska matcher samt fyra matcher i Europa-sammanhang under 2025. Dessutom blev det 49 minuter i Svenska Cupen-finalen mot Malm\u00f6 FF. Sammanlagt blev det 43 seniormatcher. N\u00e4r han nu g\u00e5r vidare i karri\u00e4ren, s\u00e5 g\u00f6r han det m\u00e5nga minnen rikare.<br \/>\u2013 Jag tar med mig extremt m\u00e5nga saker, b\u00e5de erfarenheter och minnen. Att vara i BK H\u00e4cken i \u00e5tta \u00e5r s\u00e4ger en del om klubben, som tar hand om en p\u00e5 alla plan. Det k\u00e4nns sorgligt samtidigt som en nyfikenhet tar \u00f6ver och man \u00e4r sugen p\u00e5 att testa n\u00e5got nytt. BK H\u00e4cken har fostrat mig som fotbollsspelare men ocks\u00e5 som m\u00e4nniska. Jag \u00e4r s\u00e4ker p\u00e5 att vi kommer att m\u00f6tas igen i framtiden, s\u00e4ger Sigge Jansson.<\/p>\n<p>Det \u00e4r m\u00e5nga \u00f6gonblick fr\u00e5n b\u00e5de akademin och A-laget som ligger honom varmt om hj\u00e4rtat.<br \/>\u2013 N\u00e5gra av mina b\u00e4sta minnen fr\u00e5n BK H\u00e4cken \u00e4r fr\u00e5n ungdomsleden; alla g\u00e5nger vi vann Ligacupen, men ocks\u00e5 Gothia Cup-finalen. I A-laget \u00e4r det n\u00e4r vi vann Svenska Cupen men ocks\u00e5 n\u00e4r vi avancerade till Europa i \u00e5r, b\u00e5da tv\u00e5 \u00e4r v\u00e4ldigt starka, fina minnen, s\u00e4ger Sigge Jansson.<\/p>\n<p>BK H\u00e4ckens fotbollschef Martin Ericsson menar att 20-\u00e5ringen \u00e4r en spelare som gjort avtryck p\u00e5 flera s\u00e4tt och att han trots sin unga \u00e5lder varit med l\u00e4nge, b\u00e5de i A-laget och akademin.<br \/>\u2013 Sigge har genom alla \u00e5r varit en f\u00f6rebild och kulturb\u00e4rare f\u00f6r oss som klubb och vi \u00e4r stolta \u00f6ver att vi f\u00e5tt jobba med honom. Det \u00e4r en allround spelare som huserat s\u00e5v\u00e4l p\u00e5 det centrala mittf\u00e4ltet som p\u00e5 b\u00e5da ytterbacksplatserna det senaste \u00e5ret, och som gjorde m\u00e5nga fina insatser f\u00f6r oss i b\u00e5de Allsvenskan och Europa. Nu \u00f6nskar vi honom all lycka fram\u00e5t i den nya klubben och tackar f\u00f6r m\u00e5nga fina \u00e5r, s\u00e4ger Martin Ericsson.<\/p>\n<p><img decoding=\"async\" src=\"https:\/\/www.europesays.com\/se\/wp-content\/uploads\/2026\/01\/jYrCk0PotMfXyNogqgeOpEShNvVvYJ2zG7dZd9G3.jpg\" style=\"width: 1173px;\" class=\"fr-fic fr-dib\"\/><\/p>\n","protected":false},"excerpt":{"rendered":"Under de senaste \u00e5ren har Sigge Jansson samlat p\u00e5 sig erfarenhet fr\u00e5n s\u00e5v\u00e4l spel i Europa som i&hellip;\n","protected":false},"author":2,"featured_media":134036,"comment_status":"","ping_status":"","sticky":false,"template":"","format":"standard","meta":{"footnotes":""},"categories":[68],"tags":[159,4526,138,4527,3474,34,111,110,31,33,32,30],"class_list":{"0":"post-134035","1":"post","2":"type-post","3":"status-publish","4":"format-standard","5":"has-post-thumbnail","7":"category-sport","8":"tag-allsvenskan","9":"tag-bravida-arena","10":"tag-fotboll","11":"tag-gpa","12":"tag-hisingen","13":"tag-se","14":"tag-sport","15":"tag-sports","16":"tag-svenska","17":"tag-sverige","18":"tag-sweden","19":"tag-swedish"},"share_on_mastodon":{"url":"https:\/\/pubeurope.com\/@se\/115886826680968748","error":""},"_links":{"self":[{"href":"https:\/\/www.europesays.com\/se\/wp-json\/wp\/v2\/posts\/134035","targetHints":{"allow":["GET"]}}],"collection":[{"href":"https:\/\/www.europesays.com\/se\/wp-json\/wp\/v2\/posts"}],"about":[{"href":"https:\/\/www.europesays.com\/se\/wp-json\/wp\/v2\/types\/post"}],"author":[{"embeddable":true,"href":"https:\/\/www.europesays.com\/se\/wp-json\/wp\/v2\/users\/2"}],"replies":[{"embeddable":true,"href":"https:\/\/www.europesays.com\/se\/wp-json\/wp\/v2\/comments?post=134035"}],"version-history":[{"count":0,"href":"https:\/\/www.europesays.com\/se\/wp-json\/wp\/v2\/posts\/134035\/revisions"}],"wp:featuredmedia":[{"embeddable":true,"href":"https:\/\/www.europesays.com\/se\/wp-json\/wp\/v2\/media\/134036"}],"wp:attachment":[{"href":"https:\/\/www.europesays.com\/se\/wp-json\/wp\/v2\/media?parent=134035"}],"wp:term":[{"taxonomy":"category","embeddable":true,"href":"https:\/\/www.europesays.com\/se\/wp-json\/wp\/v2\/categories?post=134035"},{"taxonomy":"post_tag","embeddable":true,"href":"https:\/\/www.europesays.com\/se\/wp-json\/wp\/v2\/tags?post=134035"}],"curies":[{"name":"wp","href":"https:\/\/api.w.org\/{rel}","templated":true}]}}