{"id":134040,"date":"2026-01-13T08:27:06","date_gmt":"2026-01-13T08:27:06","guid":{"rendered":"https:\/\/www.europesays.com\/se\/134040\/"},"modified":"2026-01-13T08:27:06","modified_gmt":"2026-01-13T08:27:06","slug":"man-doms-till-fangelse-och-utvisning-for-valdtakt-och-manniskorov","status":"publish","type":"post","link":"https:\/\/www.europesays.com\/se\/134040\/","title":{"rendered":"Man d\u00f6ms till f\u00e4ngelse och utvisning f\u00f6r v\u00e5ldt\u00e4kt och m\u00e4nniskorov"},"content":{"rendered":"<p class=\"preamble\">&#13;<br \/>\n            I maj 2025 f\u00f6rde en man i 40-\u00e5rs\u00e5ldern en kvinna till en l\u00e4genhet s\u00f6der om Stockholm. I l\u00e4genheten blir kvinnan inl\u00e5st, slagen och v\u00e5ldtagen. Nu d\u00f6ms mannen i hovr\u00e4tten till sex \u00e5rs f\u00e4ngelse och utvisning.&#13;\n        <\/p>\n<p>I maj 2025 tr\u00e4ffade en man i 40-\u00e5rs\u00e5ldern en kvinna i centrala Stockholm som skulle hyra l\u00e4genhet av honom. De \u00e5kte tillsammans till Handen s\u00f6der om Stockholm d\u00e4r hon blev ledd till en barack som var omgjord till en l\u00e4genhet. N\u00e4r kvinnan uttryckte att hon inte var intresserad av l\u00e4genheten blev mannen v\u00e5ldsam. Mannen utdelade slag mot henne och sa att hon skulle betala honom med samlag. D\u00e4refter slog och v\u00e5ldtog mannen kvinnan i timmar.<\/p>\n<p>P\u00e5 morgonen l\u00e4mnade mannen l\u00e4genheten och kvinnan kunde d\u00e5 tillkalla hj\u00e4lp genom att skriva p\u00e5 ett papper som hon h\u00f6ll upp i f\u00f6nstret. Personer utanf\u00f6r s\u00e5g kvinnan i f\u00f6nstret och polis tillkallades till plasten.<\/p>\n<p>\u2013 Kvinnan f\u00f6rh\u00f6rdes skyndsamt efter h\u00e4ndelsen och polisen kunde snabbt s\u00e4kra film fr\u00e5n \u00f6vervakningskameror, loggar fr\u00e5n bland annat SL och annan teknisk bevisning. Det snabba agerandet har haft en avg\u00f6rande betydelse f\u00f6r att s\u00e4kra sp\u00e5r och att hitta g\u00e4rningsmannen, s\u00e4ger Karin Tellerhag, gruppchef sexualbrottsgruppen i polisomr\u00e5de Stockholm syd.<\/p>\n<p>Drygt en vecka efter brottet hade beg\u00e5tts kunde mannen identifieras och sedan anh\u00e5llas i sin fr\u00e5nvaro. Samma dag som han anh\u00f6lls i sin fr\u00e5nvaro kunde han gripas av polis.<\/p>\n<p>Friande tingsr\u00e4ttsdom \u00f6verklagades till Svea hovr\u00e4tt<\/p>\n<p>Tingsr\u00e4tten friade mannen d\u00e5 det inte kunde uteslutas att kvinna frivilligt haft samlag med honom. Mannen sa att kvinnan hade skadat sig inne p\u00e5 toaletten i baracken och att det var d\u00e4rf\u00f6r hon hade skador p\u00e5 kroppen. Tingsr\u00e4tten menade att de inte kunde utesluta att mannens ber\u00e4ttelse var sann.<\/p>\n<p>Domen \u00f6verklagades till Svea hovr\u00e4tt d\u00e4r mannen d\u00f6mdes f\u00f6r grov v\u00e5ldt\u00e4kt och m\u00e4nniskorov. Mannen d\u00f6mdes till sex \u00e5rs f\u00e4ngelse och utvisning d\u00e4r han f\u00f6rbjuds att \u00e5terv\u00e4nda till Sverige.<\/p>\n<p>\u2013 Den h\u00e4r domen \u00e4r resultatet av ett intensivt och gediget arbete d\u00e4r det jobbades p\u00e5 flera h\u00e5ll f\u00f6r att snabbt s\u00e4kra bevisning som ledde till framg\u00e5ng i \u00e4rendet. Yttre patruller, tekniker, utredare, \u00e5klagare och sjukv\u00e5rd har tillsammans bidragit i att l\u00e4gga pusslet. Jag \u00e4r inte minst imponerad av det stora f\u00f6rtroendet som funnits mellan utredare och \u00e5klagare som verkligen underl\u00e4ttat f\u00f6r smidiga utrednings\u00e5tg\u00e4rder och en god dialog, s\u00e4ger Karin Tellerhag.<\/p>\n<p>                <strong>&#13;<br \/>\n                    Nyhet fr\u00e5n&#13;<br \/>\n                <\/strong><\/p>\n<p>&#13;<br \/>\n                    Polisen Stockholms l\u00e4n&#13;\n                <\/p>\n<p>&#13;<br \/>\n                    <strong>&#13;<br \/>\n                        Publicerad&#13;<br \/>\n                    <\/strong>&#13;<br \/>\n                    &#13;<br \/>\n                        13 januari 2026 09.15&#13;<br \/>\n                    &#13;<br \/>\n                    <br \/>&#13;\n            <\/p>\n<p>        &#13;<br \/>\n    &#13;<br \/>\n    &#13;<\/p>\n","protected":false},"excerpt":{"rendered":"&#13; I maj 2025 f\u00f6rde en man i 40-\u00e5rs\u00e5ldern en kvinna till en l\u00e4genhet s\u00f6der om Stockholm. I&hellip;\n","protected":false},"author":2,"featured_media":54,"comment_status":"","ping_status":"","sticky":false,"template":"","format":"standard","meta":{"footnotes":""},"categories":[12],"tags":[22,23,26,27,17,21,24,25,28,29,15,16,18,34,31,33,32,30,19,20],"class_list":{"0":"post-134040","1":"post","2":"type-post","3":"status-publish","4":"format-standard","5":"has-post-thumbnail","7":"category-sverige","8":"tag-breaking-news","9":"tag-breakingnews","10":"tag-featured-news","11":"tag-featurednews","12":"tag-headlines","13":"tag-huvudnyheter","14":"tag-latest-news","15":"tag-latestnews","16":"tag-main-news","17":"tag-mainnews","18":"tag-news","19":"tag-nyheter","20":"tag-rubriker","21":"tag-se","22":"tag-svenska","23":"tag-sverige","24":"tag-sweden","25":"tag-swedish","26":"tag-top-stories","27":"tag-topstories"},"share_on_mastodon":{"url":"https:\/\/pubeurope.com\/@se\/115886846328384836","error":""},"_links":{"self":[{"href":"https:\/\/www.europesays.com\/se\/wp-json\/wp\/v2\/posts\/134040","targetHints":{"allow":["GET"]}}],"collection":[{"href":"https:\/\/www.europesays.com\/se\/wp-json\/wp\/v2\/posts"}],"about":[{"href":"https:\/\/www.europesays.com\/se\/wp-json\/wp\/v2\/types\/post"}],"author":[{"embeddable":true,"href":"https:\/\/www.europesays.com\/se\/wp-json\/wp\/v2\/users\/2"}],"replies":[{"embeddable":true,"href":"https:\/\/www.europesays.com\/se\/wp-json\/wp\/v2\/comments?post=134040"}],"version-history":[{"count":0,"href":"https:\/\/www.europesays.com\/se\/wp-json\/wp\/v2\/posts\/134040\/revisions"}],"wp:featuredmedia":[{"embeddable":true,"href":"https:\/\/www.europesays.com\/se\/wp-json\/wp\/v2\/media\/54"}],"wp:attachment":[{"href":"https:\/\/www.europesays.com\/se\/wp-json\/wp\/v2\/media?parent=134040"}],"wp:term":[{"taxonomy":"category","embeddable":true,"href":"https:\/\/www.europesays.com\/se\/wp-json\/wp\/v2\/categories?post=134040"},{"taxonomy":"post_tag","embeddable":true,"href":"https:\/\/www.europesays.com\/se\/wp-json\/wp\/v2\/tags?post=134040"}],"curies":[{"name":"wp","href":"https:\/\/api.w.org\/{rel}","templated":true}]}}