{"id":134041,"date":"2026-01-13T08:28:36","date_gmt":"2026-01-13T08:28:36","guid":{"rendered":"https:\/\/www.europesays.com\/se\/134041\/"},"modified":"2026-01-13T08:28:36","modified_gmt":"2026-01-13T08:28:36","slug":"kristersson-m-usa-borde-tacka-danmark-senaste-nytt-om-folk-och-forsvar-2026-svt-nyheter","status":"publish","type":"post","link":"https:\/\/www.europesays.com\/se\/134041\/","title":{"rendered":"Kristersson (M): USA borde tacka Danmark \u2013 Senaste nytt om Folk och f\u00f6rsvar 2026 &#8211; SVT Nyheter"},"content":{"rendered":"<ol>\n<li><a href=\"https:\/\/news.google.com\/rss\/articles\/CBMisgFBVV95cUxONDZ1b3dEaWh6RXZtTlZEY0tEaEhlMmpRaXBOUXNLeWI0cGg0VHNnSTVKVFYwc0xjcW4ySmxuWlNHVWtQaEwyTUF5Yk9IaVhMVGVEeTMxMzBmeGF1QlBVUFBINjhxYlhtY05lUWp5Z0M4RW4yendFaENiRWd4RGpDbEI2OFF5UXJFcTJaWVl2dGdfaW16UGJvRUV4VTFUSzdxQ09UTWF3Mk9XQkVzeEdfVzR3?oc=5\" target=\"_blank\" rel=\"nofollow noopener\">Kristersson (M): USA borde tacka Danmark \u2013 Senaste nytt om Folk och f\u00f6rsvar 2026<\/a>&nbsp;&nbsp;SVT Nyheter<\/li>\n<li><a href=\"https:\/\/news.google.com\/rss\/articles\/CBMilgFBVV95cUxQQXFhczZ5Y0FxeWMtSHhYT3AweEJfdjNPZEloSGhzT0RZR3d4UGRaX1A2ajdnaGZIeWlrdmxhMjZFMzJDVmFLRHp4dUJfT1BOLVlpY2t5a2x4cDVMdmxpT2FieDJjS0JvV09tcmk2dGFwa0hFTDVEekxLOEdzdDA4YVZkZzQ3aV94UnhrVnhCOFVoZWZYM3c?oc=5\" target=\"_blank\" rel=\"nofollow noopener\">Ber Danmark om milit\u00e4r hj\u00e4lp m\u00e5ste vi st\u00e4lla upp<\/a>&nbsp;&nbsp;Aftonbladet<\/li>\n<li><a href=\"https:\/\/news.google.com\/rss\/articles\/CBMikwFBVV95cUxQUjZvQ29vZU9TY0QxbnBHd0ZlWm15Q3I5N2RsTFlUeDlvb2ZRcjlmT3AwOUlLcmJUZFVITXE0UC15U0s4YzRGQU5MdnpYNTNxMTFsc3ZNbXl6Z2NpTXpFQUZ2S2FMY1RHZVB1aEJuLVlKQklJM2ttOEtLM19XTDBSclFhOHJJMDhLb2RJWWxRRnl4bEU?oc=5\" target=\"_blank\" rel=\"nofollow noopener\">Protester fr\u00e5n forskare mot Trumps Gr\u00f6nlandspolitik<\/a>&nbsp;&nbsp;Sveriges Radio<\/li>\n<li><a href=\"https:\/\/news.google.com\/rss\/articles\/CBMiowFBVV95cUxPZlQxOVN1bUI3QWFEOTlWVlo5RFhRQk0xRmFOdVB5b29keVFsaElvdmlvVXlwZDdCU2FSajRzb3pkbVJGMjNYSzVOa2VoZHZHZl9Ecmh4QVB6REVTOHdvODFnd21jSnNFZWM0QS1pUlkyMHh0bm44eHlJbWhhd0s2TmZ0cF9nWUJTTHk1REhGbU95SUxwZ2F1NWtmNzcxNzZqRUdJ?oc=5\" target=\"_blank\" rel=\"nofollow noopener\">\u201dVi p\u00e5minner om att fr\u00e5gor som r\u00f6r Norden beslutas i Norden\u201d<\/a>&nbsp;&nbsp;SVT Nyheter<\/li>\n<li><a href=\"https:\/\/news.google.com\/rss\/articles\/CBMilwFBVV95cUxORTFoLURhSi00ejk0QTBWeVB5V0Y0VTRLVnN4ZzktcXp4UmRpLXF5cVQxVnBBOXJUMS1Pc3N1TTRSenpab0t0RHlYRGZQYURxOWlZRFZQYjBacDRIZzNINmtFbGUwcUlmZGN1eEdxb1NTLXRFaVFZYXp6T0lwaGRzNkFVN1ZlS1JKSXppQ01PVmRRNG43YzMw?oc=5\" target=\"_blank\" rel=\"nofollow noopener\">Kina varnar Trump: B\u00f6r inte<\/a>&nbsp;&nbsp;Expressen<\/li>\n<\/ol>\n","protected":false},"excerpt":{"rendered":"Kristersson (M): USA borde tacka Danmark \u2013 Senaste nytt om Folk och f\u00f6rsvar 2026&nbsp;&nbsp;SVT Nyheter Ber Danmark om&hellip;\n","protected":false},"author":2,"featured_media":134042,"comment_status":"","ping_status":"","sticky":false,"template":"","format":"standard","meta":{"footnotes":""},"categories":[5],"tags":[22,23,26,27,17,21,24,25,28,29,15,16,18,34,31,33,32,30,19,20],"class_list":{"0":"post-134041","1":"post","2":"type-post","3":"status-publish","4":"format-standard","5":"has-post-thumbnail","7":"category-rubriker","8":"tag-breaking-news","9":"tag-breakingnews","10":"tag-featured-news","11":"tag-featurednews","12":"tag-headlines","13":"tag-huvudnyheter","14":"tag-latest-news","15":"tag-latestnews","16":"tag-main-news","17":"tag-mainnews","18":"tag-news","19":"tag-nyheter","20":"tag-rubriker","21":"tag-se","22":"tag-svenska","23":"tag-sverige","24":"tag-sweden","25":"tag-swedish","26":"tag-top-stories","27":"tag-topstories"},"share_on_mastodon":{"url":"https:\/\/pubeurope.com\/@se\/115886850229869136","error":""},"_links":{"self":[{"href":"https:\/\/www.europesays.com\/se\/wp-json\/wp\/v2\/posts\/134041","targetHints":{"allow":["GET"]}}],"collection":[{"href":"https:\/\/www.europesays.com\/se\/wp-json\/wp\/v2\/posts"}],"about":[{"href":"https:\/\/www.europesays.com\/se\/wp-json\/wp\/v2\/types\/post"}],"author":[{"embeddable":true,"href":"https:\/\/www.europesays.com\/se\/wp-json\/wp\/v2\/users\/2"}],"replies":[{"embeddable":true,"href":"https:\/\/www.europesays.com\/se\/wp-json\/wp\/v2\/comments?post=134041"}],"version-history":[{"count":0,"href":"https:\/\/www.europesays.com\/se\/wp-json\/wp\/v2\/posts\/134041\/revisions"}],"wp:featuredmedia":[{"embeddable":true,"href":"https:\/\/www.europesays.com\/se\/wp-json\/wp\/v2\/media\/134042"}],"wp:attachment":[{"href":"https:\/\/www.europesays.com\/se\/wp-json\/wp\/v2\/media?parent=134041"}],"wp:term":[{"taxonomy":"category","embeddable":true,"href":"https:\/\/www.europesays.com\/se\/wp-json\/wp\/v2\/categories?post=134041"},{"taxonomy":"post_tag","embeddable":true,"href":"https:\/\/www.europesays.com\/se\/wp-json\/wp\/v2\/tags?post=134041"}],"curies":[{"name":"wp","href":"https:\/\/api.w.org\/{rel}","templated":true}]}}