{"id":134074,"date":"2026-01-13T09:09:06","date_gmt":"2026-01-13T09:09:06","guid":{"rendered":"https:\/\/www.europesays.com\/se\/134074\/"},"modified":"2026-01-13T09:09:06","modified_gmt":"2026-01-13T09:09:06","slug":"dags-att-soka-till-forskoleklass-grundskolan-och-gymnasiet","status":"publish","type":"post","link":"https:\/\/www.europesays.com\/se\/134074\/","title":{"rendered":"Dags att s\u00f6ka till f\u00f6rskoleklass, grundskolan och gymnasiet"},"content":{"rendered":"<p>                S\u00f6k till f\u00f6rskoleklass och grundskola<\/p>\n<p>Skolvalet \u00e4r \u00f6ppet 13\u201331 januari. Du s\u00f6ker skola till l\u00e4s\u00e5ret 2026\/2027 som b\u00f6rjar 18 augusti 2026.<\/p>\n<p>Du ska s\u00f6ka skola om ditt barn<\/p>\n<ul>\n<li>ska b\u00f6rja i f\u00f6rskoleklass<\/li>\n<li>g\u00e5r sista \u00e5rskursen i en skola d\u00e4r n\u00e4sta \u00e5rskurs (4, 6 eller 7) inte finns.<\/li>\n<\/ul>\n<p>Du kan ocks\u00e5 s\u00f6ka skola om du<\/p>\n<ul>\n<li>flyttar till Uppsala kommun och ditt barn ska b\u00f6rja i en grundskola<\/li>\n<li>vill byta grundskola inom Uppsala kommun.<\/li>\n<\/ul>\n<p><a href=\"https:\/\/www.uppsala.se\/skola-forskola-och-komvux\/grundskola-och-fritids\/sok-skola-i-skolvalet\/\" rel=\"nofollow noopener\" target=\"_blank\">P\u00e5 uppsala.se\/skolval hittar du mer information<\/a>. D\u00e4r finns informationsfilmer p\u00e5 svenska och engelska. D\u00e4r finns \u00e4ven information om alla grundskolor i Uppsala kommun, kartor som visar skolskjutsomr\u00e5den och var skolorna ligger.<\/p>\n<p>S\u00f6k skola i e-tj\u00e4nst<\/p>\n<p>Du s\u00f6ker skolplats i e-tj\u00e4nsten Mitt Skolval. Du kan s\u00f6ka s\u00e5 m\u00e5nga skolor du vill, b\u00e5de kommunala och frist\u00e5ende.<\/p>\n<p><a href=\"https:\/\/www.mittskolval.se\/choice\/kommun\/0380\" rel=\"nofollow noopener\" target=\"_blank\">S\u00f6k skola i e-tj\u00e4nsten Mitt        &#13;<br \/>\nSkolval&#13;<br \/>\n&#13;<br \/>\n    &#13;<br \/>\n        &#13;<br \/>\n        &#13;<br \/>\n    &#13;<br \/>\n&#13;<br \/>\n        <\/a><\/p>\n<p>S\u00f6k till gymnasiet<\/p>\n<p>Nu \u00e4r det dags f\u00f6r dig som g\u00e5r i \u00e5rskurs nio eller p\u00e5 ett introduktionsprogram att s\u00f6ka till gymnasiet. Du kan s\u00f6ka fr\u00e5n 13 januari 9.00 till 5 februari 9.00.<\/p>\n<p>S\u00e5 s\u00f6ker du<\/p>\n<p>Du s\u00f6ker till gymnasiet p\u00e5 <a href=\"https:\/\/uppsala.dexter-ist.com\/Uppsala\/Default.asp?page=auth\/common\/login\" rel=\"nofollow noopener\" target=\"_blank\">&#13;<br \/>\ngymnasievalet.uppsala.se&#13;<br \/>\n&#13;<br \/>\n    &#13;<br \/>\n        &#13;<br \/>\n        &#13;<br \/>\n    &#13;<br \/>\n&#13;<br \/>\n        <\/a>. Logga in med din e-legitimation. Om du inte har e-legitimation kan du f\u00e5 inloggningsuppgifter av studie- och yrkesv\u00e4gledaren p\u00e5 din skola.<\/p>\n<p>T\u00e4nk p\u00e5 att l\u00e4gga till flera olika val i din ans\u00f6kan. Rangordna dina val s\u00e5 att utbildningen du helst vill g\u00e5 ligger \u00f6verst och s\u00e5 vidare.<\/p>\n<p>Kom ih\u00e5g att bekr\u00e4fta din ans\u00f6kan.<\/p>\n<p><a href=\"https:\/\/www.uppsala.se\/skola-forskola-och-komvux\/gymnasieskola\/hitta-och-ansok\/antagning-till-gymnasiet\/\" rel=\"nofollow noopener\" target=\"_blank\">L\u00e4s mer om antagning till gymnasiet p\u00e5 uppsala.se<\/a><\/p>\n<p>Skolor och program<\/p>\n<p><a href=\"https:\/\/www.uppsala.se\/skola-forskola-och-komvux\/gymnasieskola\/hitta-och-ansok\/hitta-och-jamfor-gymnasieskola\/\" rel=\"nofollow noopener\" target=\"_blank\">P\u00e5 Hitta och j\u00e4mf\u00f6r gymnasieskola p\u00e5 uppsala.se ser du vilka program och skolor det finns att v\u00e4lja mellan<\/a>. D\u00e4r finns \u00e4ven mycket annan information som du kan beh\u00f6va inf\u00f6r ditt val till gymnasiet.<\/p>\n<p>T\u00e4nk p\u00e5 att gymnasieskolans yrkesprogram ger grundl\u00e4ggande beh\u00f6righet till h\u00f6gskola och universitet. Om du g\u00e5r ett yrkesprogram kan du v\u00e4lja bort kurserna som ger grundl\u00e4ggande h\u00f6gskolebeh\u00f6righet. D\u00e5 f\u00e5r du en yrkesexamen.<\/p>\n<p><a href=\"https:\/\/www.skolverket.se\/styrning-och-ansvar\/forandringar-inom-skolomradet\/sidor-tidigare-forandringar\/grundlaggande-behorighet-pa-gymnasieskolans-yrkesprogram\" rel=\"nofollow noopener\" target=\"_blank\">Mer information finns p\u00e5        &#13;<br \/>\nskolverket.se&#13;<br \/>\n&#13;<br \/>\n    &#13;<br \/>\n        &#13;<br \/>\n        &#13;<br \/>\n    &#13;<br \/>\n&#13;<br \/>\n        <\/a><\/p>\n<p>G\u00e5 p\u00e5 \u00f6ppet hus \u2013 det \u00e4r smart<\/p>\n<p>De flesta gymnasieskolorna har \u00f6ppet hus innan det \u00e4r dags att s\u00f6ka. Ta chansen och g\u00e5 p\u00e5 \u00f6ppet hus hos alla skolor som du \u00e4r intresserad av. Det \u00e4r smart. D\u00e5 kan du j\u00e4mf\u00f6ra och hitta skolorna som k\u00e4nns b\u00e4st f\u00f6r dig.<\/p>\n<p><a href=\"https:\/\/www.uppsala.se\/kampanjsidor\/gymnasiemassan\/\" rel=\"nofollow noopener\" target=\"_blank\">Se datum f\u00f6r \u00f6ppna hus p\u00e5 sidan om gymnasiem\u00e4ssan p\u00e5 uppsala.se<\/a>\u00a0<\/p>\n","protected":false},"excerpt":{"rendered":"S\u00f6k till f\u00f6rskoleklass och grundskola Skolvalet \u00e4r \u00f6ppet 13\u201331 januari. Du s\u00f6ker skola till l\u00e4s\u00e5ret 2026\/2027 som b\u00f6rjar&hellip;\n","protected":false},"author":2,"featured_media":134075,"comment_status":"","ping_status":"","sticky":false,"template":"","format":"standard","meta":{"footnotes":""},"categories":[12],"tags":[22,23,26,27,17,21,24,25,28,29,15,16,18,34,31,33,32,30,19,20],"class_list":{"0":"post-134074","1":"post","2":"type-post","3":"status-publish","4":"format-standard","5":"has-post-thumbnail","7":"category-sverige","8":"tag-breaking-news","9":"tag-breakingnews","10":"tag-featured-news","11":"tag-featurednews","12":"tag-headlines","13":"tag-huvudnyheter","14":"tag-latest-news","15":"tag-latestnews","16":"tag-main-news","17":"tag-mainnews","18":"tag-news","19":"tag-nyheter","20":"tag-rubriker","21":"tag-se","22":"tag-svenska","23":"tag-sverige","24":"tag-sweden","25":"tag-swedish","26":"tag-top-stories","27":"tag-topstories"},"share_on_mastodon":{"url":"https:\/\/pubeurope.com\/@se\/115887011425986090","error":""},"_links":{"self":[{"href":"https:\/\/www.europesays.com\/se\/wp-json\/wp\/v2\/posts\/134074","targetHints":{"allow":["GET"]}}],"collection":[{"href":"https:\/\/www.europesays.com\/se\/wp-json\/wp\/v2\/posts"}],"about":[{"href":"https:\/\/www.europesays.com\/se\/wp-json\/wp\/v2\/types\/post"}],"author":[{"embeddable":true,"href":"https:\/\/www.europesays.com\/se\/wp-json\/wp\/v2\/users\/2"}],"replies":[{"embeddable":true,"href":"https:\/\/www.europesays.com\/se\/wp-json\/wp\/v2\/comments?post=134074"}],"version-history":[{"count":0,"href":"https:\/\/www.europesays.com\/se\/wp-json\/wp\/v2\/posts\/134074\/revisions"}],"wp:featuredmedia":[{"embeddable":true,"href":"https:\/\/www.europesays.com\/se\/wp-json\/wp\/v2\/media\/134075"}],"wp:attachment":[{"href":"https:\/\/www.europesays.com\/se\/wp-json\/wp\/v2\/media?parent=134074"}],"wp:term":[{"taxonomy":"category","embeddable":true,"href":"https:\/\/www.europesays.com\/se\/wp-json\/wp\/v2\/categories?post=134074"},{"taxonomy":"post_tag","embeddable":true,"href":"https:\/\/www.europesays.com\/se\/wp-json\/wp\/v2\/tags?post=134074"}],"curies":[{"name":"wp","href":"https:\/\/api.w.org\/{rel}","templated":true}]}}