{"id":134083,"date":"2026-01-13T09:20:11","date_gmt":"2026-01-13T09:20:11","guid":{"rendered":"https:\/\/www.europesays.com\/se\/134083\/"},"modified":"2026-01-13T09:20:11","modified_gmt":"2026-01-13T09:20:11","slug":"hang-med-pa-lagret-ifk-goteborg-hela-stadens-lag","status":"publish","type":"post","link":"https:\/\/www.europesays.com\/se\/134083\/","title":{"rendered":"H\u00e4ng med p\u00e5 l\u00e4gret! | IFK G\u00f6teborg \u2013 Hela stadens lag"},"content":{"rendered":"<p><strong>Som du ser har det poppat upp m\u00e4ngder av klipp, bilder och intervjuer de senaste dagarna i Bl\u00e5vitt+.<\/strong><br \/><strong>H\u00e4ng med du ocks\u00e5!<\/strong><\/p>\n<p>Herrlaget \u00e4r p\u00e5 plats i Spanien f\u00f6r ett intensivt tr\u00e4ningsl\u00e4ger d\u00e4r allt fr\u00e5n h\u00e5rda pass p\u00e5 planen till teambuilding och andra aktiviteter \u00e4r i full g\u00e5ng.<\/p>\n<p>Men det h\u00e4r \u00e4r mer \u00e4n bara fotboll \u2013 i v\u00e5r app Bl\u00e5vitt+ visar vi bakom kulisserna-material som tar dig n\u00e4rmare laget \u00e4n n\u00e5gon annanstans. F\u00f6lj med spelarna vid sidan av, se hur sammanh\u00e5llningen st\u00e4rks i vardagen och var som en fluga p\u00e5 v\u00e4ggen n\u00e4r st\u00e4mningen byggs upp inf\u00f6r den nya s\u00e4songen.<\/p>\n<p>Allt detta och mycket mer f\u00e5r du uppleva i Bl\u00e5vitt+, d\u00e4r du f\u00e5r h\u00e4nga med p\u00e5 insidan av l\u00e4gret.<\/p>\n<p>Har du Bl\u00e5vitt+ Premium s\u00e5 f\u00e5r du tillg\u00e5ng och kan se allt material i appen men \u00e4ven f\u00f6r dig utan prenumeration finns det massor att ta del av.<\/p>\n<p>Ladda ner appen gratis p\u00e5\u00a0<a href=\"https:\/\/apps.apple.com\/us\/app\/blauvitplus\/id6446123046\" rel=\"nofollow noopener\" target=\"_blank\">App Store h\u00e4r<\/a>.<br \/>Ladda ner appen gratis p\u00e5\u00a0<a href=\"https:\/\/play.google.com\/store\/apps\/details?id=se.footballaddicts.pitch.ifk\" rel=\"nofollow noopener\" target=\"_blank\">Google Play h\u00e4r<\/a>.<\/p>\n<p>\t\t\t\t\t\tIFK G\u00f6teborg<br \/>Publicerad: 13 januari 2026 &#8211; 10.17\t\t\t\t\t\t\t\t\t\t\t<\/p>\n","protected":false},"excerpt":{"rendered":"Som du ser har det poppat upp m\u00e4ngder av klipp, bilder och intervjuer de senaste dagarna i Bl\u00e5vitt+.H\u00e4ng&hellip;\n","protected":false},"author":2,"featured_media":134084,"comment_status":"","ping_status":"","sticky":false,"template":"","format":"standard","meta":{"footnotes":""},"categories":[68],"tags":[34,111,110,31,33,32,30],"class_list":{"0":"post-134083","1":"post","2":"type-post","3":"status-publish","4":"format-standard","5":"has-post-thumbnail","7":"category-sport","8":"tag-se","9":"tag-sport","10":"tag-sports","11":"tag-svenska","12":"tag-sverige","13":"tag-sweden","14":"tag-swedish"},"share_on_mastodon":{"url":"https:\/\/pubeurope.com\/@se\/115887054717745182","error":""},"_links":{"self":[{"href":"https:\/\/www.europesays.com\/se\/wp-json\/wp\/v2\/posts\/134083","targetHints":{"allow":["GET"]}}],"collection":[{"href":"https:\/\/www.europesays.com\/se\/wp-json\/wp\/v2\/posts"}],"about":[{"href":"https:\/\/www.europesays.com\/se\/wp-json\/wp\/v2\/types\/post"}],"author":[{"embeddable":true,"href":"https:\/\/www.europesays.com\/se\/wp-json\/wp\/v2\/users\/2"}],"replies":[{"embeddable":true,"href":"https:\/\/www.europesays.com\/se\/wp-json\/wp\/v2\/comments?post=134083"}],"version-history":[{"count":0,"href":"https:\/\/www.europesays.com\/se\/wp-json\/wp\/v2\/posts\/134083\/revisions"}],"wp:featuredmedia":[{"embeddable":true,"href":"https:\/\/www.europesays.com\/se\/wp-json\/wp\/v2\/media\/134084"}],"wp:attachment":[{"href":"https:\/\/www.europesays.com\/se\/wp-json\/wp\/v2\/media?parent=134083"}],"wp:term":[{"taxonomy":"category","embeddable":true,"href":"https:\/\/www.europesays.com\/se\/wp-json\/wp\/v2\/categories?post=134083"},{"taxonomy":"post_tag","embeddable":true,"href":"https:\/\/www.europesays.com\/se\/wp-json\/wp\/v2\/tags?post=134083"}],"curies":[{"name":"wp","href":"https:\/\/api.w.org\/{rel}","templated":true}]}}