{"id":134099,"date":"2026-01-13T09:33:07","date_gmt":"2026-01-13T09:33:07","guid":{"rendered":"https:\/\/www.europesays.com\/se\/134099\/"},"modified":"2026-01-13T09:33:07","modified_gmt":"2026-01-13T09:33:07","slug":"storbrak-i-hastvarlden-psykologens-morgontips-p3-nyheter-med-babs-drougge-13-januari-2026-p3-nyheter-med","status":"publish","type":"post","link":"https:\/\/www.europesays.com\/se\/134099\/","title":{"rendered":"Storbr\u00e5k i h\u00e4stv\u00e4rlden &#038; psykologens morgontips \u2013 P3 Nyheter med Babs Drougge 13 januari 2026 &#8211; P3 Nyheter med"},"content":{"rendered":"<p>Ett storbr\u00e5k har brutit ut inom h\u00e4stv\u00e4rlden, sedan Svenska ridsportsf\u00f6rbundet beslutat om en 13-\u00e5rsgr\u00e4ns f\u00f6r t\u00e4vlingar p\u00e5 elitniv\u00e5. Beslutet kritiseras av ridstj\u00e4rnor som Peder Fredricson, och har \u00e4ven v\u00e4ckt kritik inom f\u00f6rbundet. Nu sparkas hela hoppkommitt\u00e9n.<\/p>\n<p>Sen pratar vi om hur man ska bete sig mot sin respektive p\u00e5 morgonen. En psykolog som riktat in sig p\u00e5 parf\u00f6rh\u00e5llanden har listat sju saker som lyckliga par g\u00f6r varje morgon och vi har hela listan.<\/p>\n","protected":false},"excerpt":{"rendered":"Ett storbr\u00e5k har brutit ut inom h\u00e4stv\u00e4rlden, sedan Svenska ridsportsf\u00f6rbundet beslutat om en 13-\u00e5rsgr\u00e4ns f\u00f6r t\u00e4vlingar p\u00e5 elitniv\u00e5.&hellip;\n","protected":false},"author":2,"featured_media":9350,"comment_status":"","ping_status":"","sticky":false,"template":"","format":"standard","meta":{"footnotes":""},"categories":[14],"tags":[22,23,26,27,17,21,24,25,28,29,15,16,18,34,31,33,32,30,19,20,51,52,53,54],"class_list":{"0":"post-134099","1":"post","2":"type-post","3":"status-publish","4":"format-standard","5":"has-post-thumbnail","7":"category-varlden","8":"tag-breaking-news","9":"tag-breakingnews","10":"tag-featured-news","11":"tag-featurednews","12":"tag-headlines","13":"tag-huvudnyheter","14":"tag-latest-news","15":"tag-latestnews","16":"tag-main-news","17":"tag-mainnews","18":"tag-news","19":"tag-nyheter","20":"tag-rubriker","21":"tag-se","22":"tag-svenska","23":"tag-sverige","24":"tag-sweden","25":"tag-swedish","26":"tag-top-stories","27":"tag-topstories","28":"tag-varlden","29":"tag-world","30":"tag-world-news","31":"tag-worldnews"},"share_on_mastodon":{"url":"https:\/\/pubeurope.com\/@se\/115887105818228991","error":""},"_links":{"self":[{"href":"https:\/\/www.europesays.com\/se\/wp-json\/wp\/v2\/posts\/134099","targetHints":{"allow":["GET"]}}],"collection":[{"href":"https:\/\/www.europesays.com\/se\/wp-json\/wp\/v2\/posts"}],"about":[{"href":"https:\/\/www.europesays.com\/se\/wp-json\/wp\/v2\/types\/post"}],"author":[{"embeddable":true,"href":"https:\/\/www.europesays.com\/se\/wp-json\/wp\/v2\/users\/2"}],"replies":[{"embeddable":true,"href":"https:\/\/www.europesays.com\/se\/wp-json\/wp\/v2\/comments?post=134099"}],"version-history":[{"count":0,"href":"https:\/\/www.europesays.com\/se\/wp-json\/wp\/v2\/posts\/134099\/revisions"}],"wp:featuredmedia":[{"embeddable":true,"href":"https:\/\/www.europesays.com\/se\/wp-json\/wp\/v2\/media\/9350"}],"wp:attachment":[{"href":"https:\/\/www.europesays.com\/se\/wp-json\/wp\/v2\/media?parent=134099"}],"wp:term":[{"taxonomy":"category","embeddable":true,"href":"https:\/\/www.europesays.com\/se\/wp-json\/wp\/v2\/categories?post=134099"},{"taxonomy":"post_tag","embeddable":true,"href":"https:\/\/www.europesays.com\/se\/wp-json\/wp\/v2\/tags?post=134099"}],"curies":[{"name":"wp","href":"https:\/\/api.w.org\/{rel}","templated":true}]}}